{"id":183509,"date":"2026-08-07T08:26:10","date_gmt":"2026-08-07T08:26:10","guid":{"rendered":"https:\/\/www.europesays.com\/si\/183509\/"},"modified":"2026-08-07T08:26:10","modified_gmt":"2026-08-07T08:26:10","slug":"francoski-sampion-jacquelin-zamenjal-smuci-in-pusko-za-kolo","status":"publish","type":"post","link":"https:\/\/www.europesays.com\/si\/183509\/","title":{"rendered":"Francoski \u0161ampion Jacquelin zamenjal smu\u010di in pu\u0161ko za kolo"},"content":{"rendered":"<p>\t\t\t\t\t\t\t\t<a href=\"https:\/\/www.europesays.com\/si\/wp-content\/uploads\/2026\/08\/67066237.jpg\" itemprop=\"contentUrl\" data-size=\"1200x800\" data-large=\"https:\/\/www.europesays.com\/si\/wp-content\/uploads\/2026\/08\/67066237.jpg\"><br \/>\n\t\t\t\t\t\t\t\t\t<img decoding=\"async\" src=\"https:\/\/www.europesays.com\/si\/wp-content\/uploads\/2026\/08\/67066237.jpg\" title=\"Emilien Jacquelin, petkratni svetovni prvak in olimpijski zmagovalec, se bo preizkusil \u0161e v kolesarstvu. Foto: EPA\" alt=\"Emilien Jacquelin, petkratni svetovni prvak in olimpijski zmagovalec, se bo preizkusil \u0161e v kolesarstvu. Foto: EPA\"\/><br \/>\n\t\t\t\t\t\t\t\t<\/a><\/p>\n<p>\t\t\t\t\t\t\t\t\tEmilien Jacquelin, petkratni svetovni prvak in olimpijski zmagovalec, se bo preizkusil \u0161e v kolesarstvu. Foto: EPA<\/p>\n<p>\t\t\t\t\t\t\t\tObjava Jacquelinove kolesarske ekipe Decathlon CMA CGM Team na dru\u017ebenih omre\u017ejih.<br \/>\n\t\t\t\t\t\t\t<a id=\"preferredSourceBanner\" href=\"https:\/\/www.rtvslo.si\/sport\/kolesarstvo\/francoski-sampion-jacquelin-zamenjal-smuci-in-pusko-za-kolo\/javascript:void(0)\" target=\"_blank\" class=\"d-none align-items-center justify-content-between rounded my-3\" style=\"padding: 10px 15px;\" rel=\"nofollow noopener\"><br \/>\n\t\t\t\t\t\t<img decoding=\"async\" src=\"https:\/\/img.rtvslo.si\/_static\/novi\/img\/ico-google.svg\" class=\"flex-shrink-0 mr-3\" aria-hidden=\"true\"\/><br \/>\n\t\t\t\t\t\tSpremljajte RTVSLO.si kot prednostni vir na Google<\/p>\n<p>\t\t\t\t\t<\/a><\/p>\n<p>Novico je sporo\u010dila ekipa Decathlon CMA CGM, za katero bo tudi nastopal. Dva dneva po normandijski preizku\u0161nji bo pedale vrtel \u017ee na Dirki po Limousinu, ki se bo kon\u010dala 21. avgusta.<\/p>\n<p>Oglas<\/p>\n<p>&#8220;Jacquelin je pripravljen narediti nov korak v svoji karieri. Njegov cilj bo, da dose\u017ee najvi\u0161jo mogo\u010do raven in pri tem pomaga ekipi do zastavljenih ciljev,&#8221; je sporo\u010dila omenjena ekipa. Francoski biatlonec je o razlogih za svoje kolesarsko udejstvovanje povedal, da si \u017eeli raz\u0161iriti obzorja in zapustiti cono udobja.<\/p>\n<p>&#8220;Vpoklic v mo\u0161tvo je zame eden od mejnikov \u0161portne kariere, zato sem odlo\u010den, da bom dal vse od sebe. Omenjeno prilo\u017enost vidim kot skupek vseh naporov, ki sem jih vlo\u017eil zadnje mesece z namenom, da bi bil za ta dogodek kar najbolje pripravljen. Zavedam se ponujene prilo\u017enosti, vendar sku\u0161am \u010dustva dati na stran in ostati osredoto\u010den na to, kar moram storiti na dirki,&#8221; je povedal Jacquelin.<\/p>\n<p>Kaj po\u010dne petkratni svetovni prvak v kolesarski ekipi?<\/p>\n<p>Francoz je maja za\u010del trenirati z ekipo Decathlona in hkrati uspe\u0161no saniral po\u0161kodbo klju\u010dnice. Na leto\u0161njih zimskih olimpijskih igrah v Milanu in Cortini je s francosko \u0161tafeto osvojil zlato medaljo. Ob tem se lahko pohvali \u0161e s petimi naslovi svetovnega prvaka. Na svetovnih prvenstvih in olimpijskih igrah je skupno osvojil 14 medalj. &#8220;Njegov cilj bo, da se \u010dim bolj prilagodi ekipi. Prispeval bo po svojih najbolj\u0161ih mo\u010deh in se nau\u010dil, kako se lotiti dirk najvi\u0161je ravni,&#8221; je povedal vodja ekipe Jean-Baptiste Quiclet in dodal, da se bodo v ekipi po koncu projekta pogovorili o tem, kak\u0161ne so mo\u017enosti nadaljnjega sodelovanja.<\/p>\n<p>Po besedah njegovega biatlonskega trenerja Simona Fourcada se bo moral Jacquelin vrniti k biatlonskim treningom najpozneje do konca avgusta ali na za\u010detku septembra, \u010de bo \u017eelel tekmovati v prihodnji sezoni. Jacquelin je sicer poudaril, da so zimske olimpijske igre v francoskih Alpah leta 2030 eden od njegovih glavnih ciljev.<\/p>\n<p>Oglas<\/p>\n","protected":false},"excerpt":{"rendered":"Emilien Jacquelin, petkratni svetovni prvak in olimpijski zmagovalec, se bo preizkusil \u0161e v kolesarstvu. Foto: EPA Objava Jacquelinove&hellip;\n","protected":false},"author":2,"featured_media":183510,"comment_status":"","ping_status":"","sticky":false,"template":"","format":"standard","meta":{"footnotes":"","_share_on_mastodon":"0"},"categories":[16],"tags":[562,10360,46451,618,62,37,58,60,38,94,93],"class_list":["post-183509","post","type-post","status-publish","format-standard","has-post-thumbnail","category-sport","tag-biatlon","tag-emilien-jacquelin","tag-jacquelin","tag-kolesarstvo","tag-si","tag-slovene","tag-slovenia","tag-slovenija","tag-slovenscina","tag-sport","tag-sports"],"share_on_mastodon":{"url":"https:\/\/pubeurope.com\/@si\/117053278556955730","error":""},"_links":{"self":[{"href":"https:\/\/www.europesays.com\/si\/wp-json\/wp\/v2\/posts\/183509","targetHints":{"allow":["GET"]}}],"collection":[{"href":"https:\/\/www.europesays.com\/si\/wp-json\/wp\/v2\/posts"}],"about":[{"href":"https:\/\/www.europesays.com\/si\/wp-json\/wp\/v2\/types\/post"}],"author":[{"embeddable":true,"href":"https:\/\/www.europesays.com\/si\/wp-json\/wp\/v2\/users\/2"}],"replies":[{"embeddable":true,"href":"https:\/\/www.europesays.com\/si\/wp-json\/wp\/v2\/comments?post=183509"}],"version-history":[{"count":0,"href":"https:\/\/www.europesays.com\/si\/wp-json\/wp\/v2\/posts\/183509\/revisions"}],"wp:featuredmedia":[{"embeddable":true,"href":"https:\/\/www.europesays.com\/si\/wp-json\/wp\/v2\/media\/183510"}],"wp:attachment":[{"href":"https:\/\/www.europesays.com\/si\/wp-json\/wp\/v2\/media?parent=183509"}],"wp:term":[{"taxonomy":"category","embeddable":true,"href":"https:\/\/www.europesays.com\/si\/wp-json\/wp\/v2\/categories?post=183509"},{"taxonomy":"post_tag","embeddable":true,"href":"https:\/\/www.europesays.com\/si\/wp-json\/wp\/v2\/tags?post=183509"}],"curies":[{"name":"wp","href":"https:\/\/api.w.org\/{rel}","templated":true}]}}