{"id":183683,"date":"2026-08-07T11:18:10","date_gmt":"2026-08-07T11:18:10","guid":{"rendered":"https:\/\/www.europesays.com\/si\/183683\/"},"modified":"2026-08-07T11:18:10","modified_gmt":"2026-08-07T11:18:10","slug":"tajski-najstnik-v-strelskem-pohodu-v-soli-ubil-pet-ljudi-pred-tem-pa-doma-se-babico-in-dedka","status":"publish","type":"post","link":"https:\/\/www.europesays.com\/si\/183683\/","title":{"rendered":"Tajski najstnik v strelskem pohodu v \u0161oli ubil pet ljudi, pred tem pa doma \u0161e babico in dedka"},"content":{"rendered":"<p>\t\t\t\t\t\t\t\t<a href=\"https:\/\/www.europesays.com\/si\/wp-content\/uploads\/2026\/08\/67066233.jpg\" itemprop=\"contentUrl\" data-size=\"1200x800\" data-large=\"https:\/\/www.europesays.com\/si\/wp-content\/uploads\/2026\/08\/67066233.jpg\"><br \/>\n\t\t\t\t\t\t\t\t\t<img decoding=\"async\" src=\"https:\/\/www.europesays.com\/si\/wp-content\/uploads\/2026\/08\/67066233.jpg\" title=\"Streljanje se je zgodilo severno od Bangkoka. Foto: Reuters\" alt=\"Streljanje se je zgodilo severno od Bangkoka. Foto: Reuters\"\/><br \/>\n\t\t\t\t\t\t\t\t<\/a><\/p>\n<p>\t\t\t\t\t\t\t\t\tStreljanje se je zgodilo severno od Bangkoka. Foto: Reuters<\/p>\n<p>\t\t\t\t\t\t\t<a id=\"preferredSourceBanner\" href=\"https:\/\/www.rtvslo.si\/svet\/azija-z-oceanijo\/v-strelskem-napadu-na-tajskem-ubitih-pet-uciteljev\/javascript:void(0)\" target=\"_blank\" class=\"d-none align-items-center justify-content-between rounded my-3\" style=\"padding: 10px 15px;\" rel=\"nofollow noopener\"><br \/>\n\t\t\t\t\t\t<img decoding=\"async\" src=\"https:\/\/img.rtvslo.si\/_static\/novi\/img\/ico-google.svg\" class=\"flex-shrink-0 mr-3\" aria-hidden=\"true\"\/><br \/>\n\t\t\t\t\t\tSpremljajte RTVSLO.si kot prednostni vir na Google<\/p>\n<p>\t\t\t\t\t<\/a><\/p>\n<p>Streljanje se je zgodilo v \u0161oli Debsirin Nonthaburi, ki jo obiskuje pribli\u017eno 3100 u\u010dencev, v njej pa pou\u010duje 147 u\u010diteljev. Med \u017ertvami je pet u\u010diteljev in zaposlenih na \u0161oli. Po podatkih tajske policije je bil strelec u\u010denec devetega razreda omenjene \u0161ole, ki si je nato sodil sam.<\/p>\n<p>Oglas<\/p>\n<p>Omenjena \u0161ola velja za ugledno izobra\u017eevalno ustanovo, ustanovila jo je tajska kraljeva dru\u017eina. Na njej se je v preteklosti \u0161olalo ve\u010d tajskih politikov, pisateljev in znanstvenikov.<\/p>\n<p>Najstnik je pred strelskim pohodom ubil tudi svoja dedka in babico, ki so ju doma na\u0161li mrtva. Streljal je s pi\u0161tolo, ki naj bi pripadala njegovemu dedku.<\/p>\n<p>To je bil najhuj\u0161i strelski pohod v dr\u017eavi po letu 2022.<\/p>\n<p>Tajski premier Anutin \u010carnvirakul je izrazil so\u017ealje vsem svojcem \u017ertev. &#8220;Kaj takega se ne bi smelo zgoditi, \u017eal mi je,&#8221; je dejal. Po premierjevih besedah je bilo v streljanju ranjenih ve\u010d kot 30 ljudi, od tega devet &#8220;huje&#8221;.<\/p>\n<p>Vodja opozicijske Ljudske stranke Natapong Ruengpanjavut pa je v objavi na omre\u017eju X danes zapisal, da je ta strelski incident &#8220;oster opomin tajski dru\u017ebi, naj resno in sistemati\u010dno pregleda ukrepe za nadzor nad oro\u017ejem&#8221;.<\/p>\n<p>Tajska ima eno najvi\u0161jih stopenj lastni\u0161tva strelnega oro\u017eja v regiji. V obtoku naj bi bilo pribli\u017eno deset milijonov kosov strelnega oro\u017eja oziroma po eden na vsakih sedem prebivalcev. Pretekle obljube o poostritvi zakonodaje o posedovanju oro\u017eja niso prepre\u010dile ponavljajo\u010dih se strelskih napadov v dr\u017eavi, poro\u010da STA.<\/p>\n<p>Policija je februarja ustrelila in aretirala najstnika, ki je streljal v \u0161oli na jugu dr\u017eave, pri \u010demer je ubil ravnatelja \u0161ole, dva u\u010denca pa sta bila po\u0161kodovana. Leta 2022 pa je nekdanji policist, oboro\u017een s pi\u0161tolo in no\u017eem, vdrl v vrtec na severu dr\u017eave ter ubil 24 otrok in 12 odraslih, kar je bil eden najbolj smrtonosnih pokolov na Tajskem.<\/p>\n<p>Oglas<\/p>\n","protected":false},"excerpt":{"rendered":"Streljanje se je zgodilo severno od Bangkoka. Foto: Reuters Spremljajte RTVSLO.si kot prednostni vir na Google Streljanje se&hellip;\n","protected":false},"author":2,"featured_media":183684,"comment_status":"","ping_status":"","sticky":false,"template":"","format":"standard","meta":{"footnotes":"","_share_on_mastodon":"0"},"categories":[8],"tags":[37,38,2340,3817,64,2315,63],"class_list":["post-183683","post","type-post","status-publish","format-standard","has-post-thumbnail","category-svet","tag-slovene","tag-slovenscina","tag-sola","tag-streljanje","tag-svet","tag-tajska","tag-world"],"share_on_mastodon":{"url":"https:\/\/pubeurope.com\/@si\/117053955260573463","error":""},"_links":{"self":[{"href":"https:\/\/www.europesays.com\/si\/wp-json\/wp\/v2\/posts\/183683","targetHints":{"allow":["GET"]}}],"collection":[{"href":"https:\/\/www.europesays.com\/si\/wp-json\/wp\/v2\/posts"}],"about":[{"href":"https:\/\/www.europesays.com\/si\/wp-json\/wp\/v2\/types\/post"}],"author":[{"embeddable":true,"href":"https:\/\/www.europesays.com\/si\/wp-json\/wp\/v2\/users\/2"}],"replies":[{"embeddable":true,"href":"https:\/\/www.europesays.com\/si\/wp-json\/wp\/v2\/comments?post=183683"}],"version-history":[{"count":0,"href":"https:\/\/www.europesays.com\/si\/wp-json\/wp\/v2\/posts\/183683\/revisions"}],"wp:featuredmedia":[{"embeddable":true,"href":"https:\/\/www.europesays.com\/si\/wp-json\/wp\/v2\/media\/183684"}],"wp:attachment":[{"href":"https:\/\/www.europesays.com\/si\/wp-json\/wp\/v2\/media?parent=183683"}],"wp:term":[{"taxonomy":"category","embeddable":true,"href":"https:\/\/www.europesays.com\/si\/wp-json\/wp\/v2\/categories?post=183683"},{"taxonomy":"post_tag","embeddable":true,"href":"https:\/\/www.europesays.com\/si\/wp-json\/wp\/v2\/tags?post=183683"}],"curies":[{"name":"wp","href":"https:\/\/api.w.org\/{rel}","templated":true}]}}