{"id":183783,"date":"2026-08-07T12:48:08","date_gmt":"2026-08-07T12:48:08","guid":{"rendered":"https:\/\/www.europesays.com\/si\/183783\/"},"modified":"2026-08-07T12:48:08","modified_gmt":"2026-08-07T12:48:08","slug":"14-letnik-ubil-pet-uciteljev-prej-se-stara-starsa","status":"publish","type":"post","link":"https:\/\/www.europesays.com\/si\/183783\/","title":{"rendered":"14-letnik ubil pet u\u010diteljev, prej \u0161e stara star\u0161a"},"content":{"rendered":"<p>V streljanju v \u0161oli severno od tajske prestolnice Bangkok je danes umrlo pet u\u010diteljev, je sporo\u010dil tajski minister za zdravje Pattana Promphat, potem ko so razli\u010dni predstavniki oblasti podajali nasprotujo\u010de si informacije o \u0161tevilu \u017ertev. Preden se je odpravil v \u0161olo, naj bi domnevni strelec ubil tudi svoja stara star\u0161a, poro\u010da britanski BBC.<\/p>\n<p>Kot so poro\u010dali lokalni mediji, je bil domnevni storilec 14-letnik, ki naj bi med napadom prav tako umrl. Motiv za streljanje za zdaj \u0161e ni znan.<\/p>\n<p>\u0160e najmanj 15 oseb je bilo ranjenih, od tega sta dve v kriti\u010dnem stanju, je po poro\u010danju BBC sporo\u010dila policija.<\/p>\n<p>Tajski premier Anutin Charnvirakul je v kraj\u0161em intervjuju v vladni pala\u010di med drugim dejal, da mu ni \u017eal le za \u017ertve, ampak ker je do strelskega incidenta sploh pri\u0161lo. &#8220;To je zelo slabo, to se ne bi smelo zgoditi,&#8221; je dodal.<\/p>\n<p>Vodja opozicijske Ljudske stranke Natthaphong Ruengpanyawut pa je v objavi na omre\u017eju X danes zapisal, da je ta strelski incident &#8220;oster opomin tajski dru\u017ebi, naj resno in sistemati\u010dno pregleda ukrepe za nadzor nad oro\u017ejem&#8221;.<\/p>\n<p dir=\"ltr\" lang=\"en\">\ud83c\uddf9\ud83c\udded Terrified kids were quietly sobbing and hiding under their desks as they listened to a school shooter killing people in Thailand<\/p>\n<p>The death toll from the attack has reportedly risen to 8<\/p>\n<p>The 14-year-old killed his grandparents before setting out to gun down five teachers, and\u2026<\/p>\n<p>\u2014 Mario Nawfal (@MarioNawfal) <a href=\"https:\/\/x.com\/MarioNawfal\/status\/2085642098292985972?ref_src=twsrc%5Etfw\" rel=\"nofollow\">August 7, 2026<\/a><\/p>\n<p>V obtoku ogromno oro\u017eja<\/p>\n<p>Tajska ima eno najvi\u0161jih stopenj lastni\u0161tva strelnega oro\u017eja v regiji. V obtoku naj bi bilo pribli\u017eno deset milijonov kosov strelnega oro\u017eja oziroma po eden na vsakih sedem prebivalcev. Pretekle obljube o poostritvi zakonodaje o posedovanju oro\u017eja niso prepre\u010dile ponavljajo\u010dih se strelskih napadov v dr\u017eavi.<\/p>\n<p>Policija je denimo februarja ustrelila in aretirala najstnika, ki je streljal v \u0161oli na jugu dr\u017eave, pri \u010demer je ubil ravnatelja \u0161ole, dva u\u010denca pa sta bila po\u0161kodovana. Leta 2022 pa je nekdanji policist, oboro\u017een s pi\u0161tolo in no\u017eem, vdrl v vrtec na severu dr\u017eave ter ubil 24 otrok in 12 odraslih, kar je bil eden najbolj smrtonosnih pokolov na Tajskem.<\/p>\n<p><a href=\"https:\/\/www.zurnal24.si\/svet\/mailto:dezurni@styria-media.si\" rel=\"nofollow noopener\" target=\"_blank\">dezurni@styria-media.si<\/a><\/p>\n","protected":false},"excerpt":{"rendered":"V streljanju v \u0161oli severno od tajske prestolnice Bangkok je danes umrlo pet u\u010diteljev, je sporo\u010dil tajski minister&hellip;\n","protected":false},"author":2,"featured_media":183784,"comment_status":"","ping_status":"","sticky":false,"template":"","format":"standard","meta":{"footnotes":"","_share_on_mastodon":"0"},"categories":[8],"tags":[37,38,3817,5627,64,2315,63],"class_list":["post-183783","post","type-post","status-publish","format-standard","has-post-thumbnail","category-svet","tag-slovene","tag-slovenscina","tag-streljanje","tag-streljanje-na-soli","tag-svet","tag-tajska","tag-world"],"share_on_mastodon":{"url":"https:\/\/pubeurope.com\/@si\/117054308727340601","error":""},"_links":{"self":[{"href":"https:\/\/www.europesays.com\/si\/wp-json\/wp\/v2\/posts\/183783","targetHints":{"allow":["GET"]}}],"collection":[{"href":"https:\/\/www.europesays.com\/si\/wp-json\/wp\/v2\/posts"}],"about":[{"href":"https:\/\/www.europesays.com\/si\/wp-json\/wp\/v2\/types\/post"}],"author":[{"embeddable":true,"href":"https:\/\/www.europesays.com\/si\/wp-json\/wp\/v2\/users\/2"}],"replies":[{"embeddable":true,"href":"https:\/\/www.europesays.com\/si\/wp-json\/wp\/v2\/comments?post=183783"}],"version-history":[{"count":0,"href":"https:\/\/www.europesays.com\/si\/wp-json\/wp\/v2\/posts\/183783\/revisions"}],"wp:featuredmedia":[{"embeddable":true,"href":"https:\/\/www.europesays.com\/si\/wp-json\/wp\/v2\/media\/183784"}],"wp:attachment":[{"href":"https:\/\/www.europesays.com\/si\/wp-json\/wp\/v2\/media?parent=183783"}],"wp:term":[{"taxonomy":"category","embeddable":true,"href":"https:\/\/www.europesays.com\/si\/wp-json\/wp\/v2\/categories?post=183783"},{"taxonomy":"post_tag","embeddable":true,"href":"https:\/\/www.europesays.com\/si\/wp-json\/wp\/v2\/tags?post=183783"}],"curies":[{"name":"wp","href":"https:\/\/api.w.org\/{rel}","templated":true}]}}