{"id":183851,"date":"2026-08-07T13:38:11","date_gmt":"2026-08-07T13:38:11","guid":{"rendered":"https:\/\/www.europesays.com\/si\/183851\/"},"modified":"2026-08-07T13:38:11","modified_gmt":"2026-08-07T13:38:11","slug":"pri-vsega-24-letih-umrl-nas-nekdanji-rokometas","status":"publish","type":"post","link":"https:\/\/www.europesays.com\/si\/183851\/","title":{"rendered":"Pri vsega 24 letih umrl na\u0161 nekdanji rokometa\u0161"},"content":{"rendered":"<p>Mo\u0161ki rokometni klub Krka je sporo\u010dil \u017ealostno novico o smrti nekdanjega rokometa\u0161a Alja\u017ea Kaburja.<\/p>\n<p>Iz Novega mesta prihajajo tragi\u010dne novice o smrti komaj 24-letnega nekdanjega rokometa\u0161a\u00a0Alja\u017ea Kaburja.<\/p>\n<p>Novico o smrti svojega nekdanjega igralca je razkril Mo\u0161ki rokometni klub Krka, ki se je preko socialnih omre\u017eij poslovil od svojega nekdanjega igralca.<\/p>\n<p>&#8220;Z globoko \u017ealostjo smo prejeli vest, da nas je mnogo prezgodaj, v 25. letu starosti, zapustil na\u0161 nekdanji igralec Alja\u017e Kabur,&#8221; je klub sporo\u010dil preko socialnih omre\u017eij.<\/p>\n<p>&#8220;Alja\u017e je barve MRK Krka zastopal vse do sezone 2016\/2017. V na\u0161ih spominih bo za vedno ostal del rokometne dru\u017eine Krke,&#8221; so poudarili pri klubu, s katerim je leta 2014 v kategoriji starej\u0161ih de\u010dkov Kabur osvojil naslov slovenskega podprvaka.<\/p>\n<p>&#8220;Njegovi partnerki, otrokoma, star\u0161em, sorodnikom, prijateljem in vsem, ki so ga imeli radi, izrekamo iskreno in globoko so\u017ealje,&#8221; so \u0161e poudarili pri MRK Krka ter zaklju\u010dili:\u00a0&#8220;Ni slovo tisto, kar boli, temve\u010d spomin, ki za vedno \u017eivi.\u00a0Alja\u017e, po\u010divaj v miru.&#8221;<\/p>\n<p>&#8220;Z globoko \u017ealostjo sporo\u010damo, da nas je nepri\u010dakovano in mnogo prezgodaj zapustil mladi operativni gasilec Alja\u017e Kabur. Gasilci izrekamo iskreno so\u017ealje. Sedaj bo tvoj pozivnik piskal&#8230;. Pazi na nas od zgoraj,&#8221; pa so se od svojega sodelavca in prijatelja poslovili pri Prostovoljnem gasilskem dru\u0161tu Stopi\u010de.<\/p>\n","protected":false},"excerpt":{"rendered":"Mo\u0161ki rokometni klub Krka je sporo\u010dil \u017ealostno novico o smrti nekdanjega rokometa\u0161a Alja\u017ea Kaburja. Iz Novega mesta prihajajo&hellip;\n","protected":false},"author":2,"featured_media":183852,"comment_status":"","ping_status":"","sticky":false,"template":"","format":"standard","meta":{"footnotes":"","_share_on_mastodon":"0"},"categories":[16],"tags":[46366,1955,301,62,37,58,60,38,980,94,93],"class_list":["post-183851","post","type-post","status-publish","format-standard","has-post-thumbnail","category-sport","tag-aljaz-kabur","tag-mrk-krka","tag-rokomet","tag-si","tag-slovene","tag-slovenia","tag-slovenija","tag-slovenscina","tag-smrt-sportnika","tag-sport","tag-sports"],"share_on_mastodon":{"url":"https:\/\/pubeurope.com\/@si\/117054505160569807","error":""},"_links":{"self":[{"href":"https:\/\/www.europesays.com\/si\/wp-json\/wp\/v2\/posts\/183851","targetHints":{"allow":["GET"]}}],"collection":[{"href":"https:\/\/www.europesays.com\/si\/wp-json\/wp\/v2\/posts"}],"about":[{"href":"https:\/\/www.europesays.com\/si\/wp-json\/wp\/v2\/types\/post"}],"author":[{"embeddable":true,"href":"https:\/\/www.europesays.com\/si\/wp-json\/wp\/v2\/users\/2"}],"replies":[{"embeddable":true,"href":"https:\/\/www.europesays.com\/si\/wp-json\/wp\/v2\/comments?post=183851"}],"version-history":[{"count":0,"href":"https:\/\/www.europesays.com\/si\/wp-json\/wp\/v2\/posts\/183851\/revisions"}],"wp:featuredmedia":[{"embeddable":true,"href":"https:\/\/www.europesays.com\/si\/wp-json\/wp\/v2\/media\/183852"}],"wp:attachment":[{"href":"https:\/\/www.europesays.com\/si\/wp-json\/wp\/v2\/media?parent=183851"}],"wp:term":[{"taxonomy":"category","embeddable":true,"href":"https:\/\/www.europesays.com\/si\/wp-json\/wp\/v2\/categories?post=183851"},{"taxonomy":"post_tag","embeddable":true,"href":"https:\/\/www.europesays.com\/si\/wp-json\/wp\/v2\/tags?post=183851"}],"curies":[{"name":"wp","href":"https:\/\/api.w.org\/{rel}","templated":true}]}}