{"id":184049,"date":"2026-08-07T17:20:15","date_gmt":"2026-08-07T17:20:15","guid":{"rendered":"https:\/\/www.europesays.com\/si\/184049\/"},"modified":"2026-08-07T17:20:15","modified_gmt":"2026-08-07T17:20:15","slug":"skrivnostni-poletni-pogin-severnih-jelenov-buri-duhove-na-norveskem","status":"publish","type":"post","link":"https:\/\/www.europesays.com\/si\/184049\/","title":{"rendered":"Skrivnostni poletni pogin severnih jelenov buri duhove na Norve\u0161kem"},"content":{"rendered":"<p>\t\t\t\t\t\t\t\t<a href=\"https:\/\/www.europesays.com\/si\/wp-content\/uploads\/2026\/08\/66131668.jpg\" itemprop=\"contentUrl\" data-size=\"1200x800\" data-large=\"https:\/\/www.europesays.com\/si\/wp-content\/uploads\/2026\/08\/66131668.jpg\"><br \/>\n\t\t\t\t\t\t\t\t\t<img decoding=\"async\" src=\"https:\/\/www.europesays.com\/si\/wp-content\/uploads\/2026\/08\/66131668.jpg\" title=\"Severni jeleni na severu \u0160vedske. (Fotografija je simboli\u010dna.) Foto: AP\" alt=\"Severni jeleni na severu \u0160vedske. (Fotografija je simboli\u010dna.) Foto: AP\"\/><br \/>\n\t\t\t\t\t\t\t\t<\/a><\/p>\n<p>\t\t\t\t\t\t\t\t\tSeverni jeleni na severu \u0160vedske. (Fotografija je simboli\u010dna.) Foto: AP<\/p>\n<p>\t\t\t\t\t\t\t<a id=\"preferredSourceBanner\" href=\"https:\/\/www.rtvslo.si\/okolje\/svet-zivali\/skrivnostni-poletni-pogin-severnih-jelenov-buri-duhove-na-norveskem\/javascript:void(0)\" target=\"_blank\" class=\"d-none align-items-center justify-content-between rounded my-3\" style=\"padding: 10px 15px;\" rel=\"nofollow noopener\"><br \/>\n\t\t\t\t\t\t<img decoding=\"async\" src=\"https:\/\/img.rtvslo.si\/_static\/novi\/img\/ico-google.svg\" class=\"flex-shrink-0 mr-3\" aria-hidden=\"true\"\/><br \/>\n\t\t\t\t\t\tSpremljajte RTVSLO.si kot prednostni vir na Google<\/p>\n<p>\t\t\t\t\t<\/a><\/p>\n<p>Na arkti\u010dnem oto\u010dju Svalbard se je pojavila nenavadna in za zdaj nepojasnjena uganka. Med rednim letnim \u0161tetjem \u017eivali so tam na\u0161li trupla 13 severnih jelenov, kar je strokovnjake presenetilo predvsem zato, ker so \u017eivali poginile sredi poletja, ko tak\u0161ni primeri niso obi\u010dajni.<\/p>\n<p>Oglas<\/p>\n<p>Trupla enajstih samic in dveh samcev so odkrili v dveh dolinah na oto\u010dju Svalbard, kjer \u017eivi pribli\u017eno 22.000 severnih jelenov \u2013 pribli\u017eno sedemkrat ve\u010d, kot je prebivalcev oto\u010dja. Tamkaj\u0161nja vrsta je sicer posebnost sama po sebi, saj so ti severni jeleni precej manj\u0161i od svojih sorodnikov, ki \u017eivijo na celini. Tamkaj\u0161nji strokovnjaki opozarjajo, da gre za nenavaden pojav, saj so med poginulimi tudi samice v reproduktivnem obdobju in odrasli samci, ki bi morali biti med najmo\u010dnej\u0161imi predstavniki populacije. &#8220;Zelo nenavadno je, da samice v reproduktivni dobi in odrasli samci poginejo poleti. Zato \u017eelimo razmere pozorno spremljati,&#8221; so sporo\u010dile tamkaj\u0161nje oblasti, ki so javnost pozvale, naj jih obvesti o morebitnih novih najdbah poginulih \u017eivali.<\/p>\n<p>Na Norve\u0161kem in\u0161titutu za raziskovanje narave (Nina) so pojasnili, da trenutno nimajo ne jasnih kazalnikov ne konkretne teorije, ki bi lahko razlo\u017eila nenavadni poletni pogin. Raziskovalec Vebjorn Veiberg je poudaril, da pozimi praviloma poginejo predvsem najmlaj\u0161i in najstarej\u0161i jeleni, medtem ko so bili tokrat poginuli osebki v povsem druga\u010dnem \u017eivljenjskem obdobju. &#8220;Bili so ravno v najvitalnej\u0161em in produktivnem obdobju \u017eivljenja,&#8221; je poudaril. Veterinarji bodo preverili, ali je bil vzrok lahko bolezen, vendar strokovnjak meni, da je malo verjetno, da bi bolezen prizadela prav najbolj zdrave \u017eivali.<\/p>\n<p>Oglas<\/p>\n","protected":false},"excerpt":{"rendered":"Severni jeleni na severu \u0160vedske. (Fotografija je simboli\u010dna.) Foto: AP Spremljajte RTVSLO.si kot prednostni vir na Google Na&hellip;\n","protected":false},"author":2,"featured_media":184050,"comment_status":"","ping_status":"","sticky":false,"template":"","format":"standard","meta":{"footnotes":"","_share_on_mastodon":"0"},"categories":[8],"tags":[1104,46549,37,38,46550,64,63],"class_list":["post-184049","post","type-post","status-publish","format-standard","has-post-thumbnail","category-svet","tag-norveska","tag-severni-jelen","tag-slovene","tag-slovenscina","tag-svalbard","tag-svet","tag-world"],"share_on_mastodon":{"url":"https:\/\/pubeurope.com\/@si\/117055378172694039","error":""},"_links":{"self":[{"href":"https:\/\/www.europesays.com\/si\/wp-json\/wp\/v2\/posts\/184049","targetHints":{"allow":["GET"]}}],"collection":[{"href":"https:\/\/www.europesays.com\/si\/wp-json\/wp\/v2\/posts"}],"about":[{"href":"https:\/\/www.europesays.com\/si\/wp-json\/wp\/v2\/types\/post"}],"author":[{"embeddable":true,"href":"https:\/\/www.europesays.com\/si\/wp-json\/wp\/v2\/users\/2"}],"replies":[{"embeddable":true,"href":"https:\/\/www.europesays.com\/si\/wp-json\/wp\/v2\/comments?post=184049"}],"version-history":[{"count":0,"href":"https:\/\/www.europesays.com\/si\/wp-json\/wp\/v2\/posts\/184049\/revisions"}],"wp:featuredmedia":[{"embeddable":true,"href":"https:\/\/www.europesays.com\/si\/wp-json\/wp\/v2\/media\/184050"}],"wp:attachment":[{"href":"https:\/\/www.europesays.com\/si\/wp-json\/wp\/v2\/media?parent=184049"}],"wp:term":[{"taxonomy":"category","embeddable":true,"href":"https:\/\/www.europesays.com\/si\/wp-json\/wp\/v2\/categories?post=184049"},{"taxonomy":"post_tag","embeddable":true,"href":"https:\/\/www.europesays.com\/si\/wp-json\/wp\/v2\/tags?post=184049"}],"curies":[{"name":"wp","href":"https:\/\/api.w.org\/{rel}","templated":true}]}}