{"id":184323,"date":"2026-08-08T00:49:11","date_gmt":"2026-08-08T00:49:11","guid":{"rendered":"https:\/\/www.europesays.com\/si\/184323\/"},"modified":"2026-08-08T00:49:11","modified_gmt":"2026-08-08T00:49:11","slug":"v-streljanju-v-soli-na-tajskem-vec-mrtvih-in-ranjenih","status":"publish","type":"post","link":"https:\/\/www.europesays.com\/si\/184323\/","title":{"rendered":"V streljanju v \u0161oli na Tajskem ve\u010d mrtvih in ranjenih"},"content":{"rendered":"<p>V streljanju v \u0161oli severno od tajske prestolnice Bangkok je danes umrlo pet u\u010diteljev, je sporo\u010dil tajski minister za zdravje Pattana Promphat. Preden se je odpravil v \u0161olo, naj bi domnevni strelec ubil tudi svoja stara star\u0161a. Tajski premier Anutin Charnvirakul je ob obisku \u0161ole dejal, da je bil napad dobro na\u010drtovan.<\/p>\n<p>Kot so poro\u010dali lokalni mediji, je bil domnevni storilec 14-letnik, ki je med napadom prav tako umrl, poro\u010da britanski BBC. Motiv za streljanje uradno za zdaj \u0161e ni znan.<\/p>\n<p>\u0160e najmanj 15 oseb je bilo ranjenih, od tega sta dve v kriti\u010dnem stanju, je po poro\u010danju BBC sporo\u010dila policija.<\/p>\n<p>Tajski premier Anutin Charnvirakul je v kraj\u0161em intervjuju v vladni pala\u010di med drugim dejal, da mu ni \u017eal le za \u017ertve, ampak ker je do strelskega incidenta sploh pri\u0161lo. &#8220;To je zelo slabo, to se ne bi smelo zgoditi,&#8221; je dodal.<\/p>\n<p>Strelski napad je bil dobro na\u010drtovan<\/p>\n<p>Premier je pozneje obiskal \u0161olo, kjer se je zgodila tragedija. Razkril je, da je policija zasli\u0161ala osumljen\u010devega prijatelja, ki je dejal, da je bil 14-letnik pod stresom zaradi u\u010denja. Po besedah Charnvirakula okoli\u0161\u010dine ka\u017eejo, da je osumljeni streljanje o\u010ditno dobro na\u010drtoval, in da je imel pri sebi \u0161e ve\u010d kot 30 neporabljenih nabojev. Dodal je, da si je najstnik na koncu sodil sam.<\/p>\n<p>Vodja opozicijske Ljudske stranke Natthaphong Ruengpanyawut pa je v objavi na omre\u017eju X danes zapisal, da je ta strelski incident &#8220;oster opomin tajski dru\u017ebi, naj resno in sistemati\u010dno pregleda ukrepe za nadzor nad oro\u017ejem&#8221;.<\/p>\n<p><img decoding=\"async\" alt=\"Tajska | Foto: Reuters\" class=\"article_content__inline_image js_imageLightbox is-clickable\" data-author=\"Reuters\" data-caption=\"\" data-height=\"3526\" data-href=\"https:\/\/siol.net\/media\/img\/b1\/68\/072cfe739379c3927418-tajska.jpeg\" data-width=\"5500\" loading=\"lazy\" src=\"\/media\/img\/c1\/f9\/6e78c75152916e229727-tajska.jpeg\" title=\"Tajska\"\/><\/p>\n<p> Foto: Reuters <\/p>\n<p>Velik dele\u017e prebivalstva ima v lasti oro\u017eje\u00a0<\/p>\n<p>Tajska ima eno najvi\u0161jih stopenj lastni\u0161tva strelnega oro\u017eja v regiji. V obtoku naj bi bilo pribli\u017eno deset milijonov kosov strelnega oro\u017eja oziroma po eden na vsakih sedem prebivalcev. Pretekle obljube o poostritvi zakonodaje o posedovanju oro\u017eja niso prepre\u010dile ponavljajo\u010dih se strelskih napadov v dr\u017eavi.<\/p>\n<p>Policija je denimo februarja ustrelila in aretirala najstnika, ki je streljal v \u0161oli na jugu dr\u017eave, pri \u010demer je ubil ravnatelja \u0161ole, dva u\u010denca pa sta bila po\u0161kodovana. Leta 2022 pa je nekdanji policist, oboro\u017een s pi\u0161tolo in no\u017eem, vdrl v vrtec na severu dr\u017eave ter ubil 24 otrok in 12 odraslih, kar je bil eden najbolj smrtonosnih pokolov na Tajskem.<\/p>\n","protected":false},"excerpt":{"rendered":"V streljanju v \u0161oli severno od tajske prestolnice Bangkok je danes umrlo pet u\u010diteljev, je sporo\u010dil tajski minister&hellip;\n","protected":false},"author":2,"featured_media":184324,"comment_status":"","ping_status":"","sticky":false,"template":"","format":"standard","meta":{"footnotes":"","_share_on_mastodon":"0"},"categories":[8],"tags":[37,38,3817,9912,64,2315,63],"class_list":["post-184323","post","type-post","status-publish","format-standard","has-post-thumbnail","category-svet","tag-slovene","tag-slovenscina","tag-streljanje","tag-strelski-napad","tag-svet","tag-tajska","tag-world"],"share_on_mastodon":{"url":"https:\/\/pubeurope.com\/@si\/117057143840277204","error":""},"_links":{"self":[{"href":"https:\/\/www.europesays.com\/si\/wp-json\/wp\/v2\/posts\/184323","targetHints":{"allow":["GET"]}}],"collection":[{"href":"https:\/\/www.europesays.com\/si\/wp-json\/wp\/v2\/posts"}],"about":[{"href":"https:\/\/www.europesays.com\/si\/wp-json\/wp\/v2\/types\/post"}],"author":[{"embeddable":true,"href":"https:\/\/www.europesays.com\/si\/wp-json\/wp\/v2\/users\/2"}],"replies":[{"embeddable":true,"href":"https:\/\/www.europesays.com\/si\/wp-json\/wp\/v2\/comments?post=184323"}],"version-history":[{"count":0,"href":"https:\/\/www.europesays.com\/si\/wp-json\/wp\/v2\/posts\/184323\/revisions"}],"wp:featuredmedia":[{"embeddable":true,"href":"https:\/\/www.europesays.com\/si\/wp-json\/wp\/v2\/media\/184324"}],"wp:attachment":[{"href":"https:\/\/www.europesays.com\/si\/wp-json\/wp\/v2\/media?parent=184323"}],"wp:term":[{"taxonomy":"category","embeddable":true,"href":"https:\/\/www.europesays.com\/si\/wp-json\/wp\/v2\/categories?post=184323"},{"taxonomy":"post_tag","embeddable":true,"href":"https:\/\/www.europesays.com\/si\/wp-json\/wp\/v2\/tags?post=184323"}],"curies":[{"name":"wp","href":"https:\/\/api.w.org\/{rel}","templated":true}]}}