{"id":185279,"date":"2026-08-09T02:01:27","date_gmt":"2026-08-09T02:01:27","guid":{"rendered":"https:\/\/www.europesays.com\/si\/185279\/"},"modified":"2026-08-09T02:01:27","modified_gmt":"2026-08-09T02:01:27","slug":"fauci-zavraca-sodelovanje-s-kongresom-bo-pristal-za-zapahi","status":"publish","type":"post","link":"https:\/\/www.europesays.com\/si\/185279\/","title":{"rendered":"Fauci zavra\u010da sodelovanje s kongresom, bo pristal za zapahi?"},"content":{"rendered":"<p style=\"text-align: justify;\">Odbor Senata za domovinsko varnost in vladne zadeve je v \u010detrtek odlo\u010dil, da se dr. Anthonyja Faucija, zdravnika in imunologa, ki je bil v \u010dasu pandemije direktor Nacionalnega in\u0161tituta za alergijo in nalezljive bolezni, obto\u017ei nespo\u0161tovanja kongresa. <\/p>\n<p style=\"text-align: justify;\">Do spora je pri\u0161lo potem, ko se je biv\u0161i direktor omenjenega in\u0161tituta na zasli\u0161anju pred odborom ve\u010d kot stokrat skliceval na peti amandma, ki med drugim \u0161\u010diti posameznika pred tem, da bi moral odgovarjati na vpra\u0161anja, s katerimi bi lahko obremenil samega sebe. Predsedujo\u010di Rand Paul, republikanski senator iz Kentuckyja, je sporo\u010dil, da je odbor z razmerjem osem za in pet proti, izglasoval, da je dr. Fauci kriv nespo\u0161tovanja kongresa. Paul je zapisal, da so republikanci resolucijo o nespo\u0161tovanju kongresa v imenu milijonov Ameri\u010danov in njihovih dru\u017ein, ki \u0161e vedno trpijo za posledicami pandemije in cepiv. Pred glasovanjem pa je Paul poudaril, da gre za to ali bo pri\u010di, ki je bila dele\u017ena hitre zvezne pomilostitve lahko ukazano, da odboru odgovarja na vpra\u0161anja, ali pa ji bo dovoljeno, da nasprotuje tej zahtevi brez posledic.<\/p>\n<p>Preberite tudi: <a href=\"https:\/\/nova24tv.si\/jasne-posledice-mnozicnih-deportacij-nezakonitih-migrantov-v-zda-zgodovinsko-nizka-stopnja-kriminala\/\" rel=\"nofollow noopener\" target=\"_blank\">Jasne posledice mno\u017ei\u010dnih deportacij nezakonitih migrantov: V ZDA zgodovinsko nizka stopnja kriminala<\/a><\/p>\n<p style=\"text-align: justify;\">\u201cImamo le eno vpra\u0161anje: Bo pri\u010da odgovarjala za nespo\u0161tovanje do kongresa? Pri\u010da je imela ve\u010d mo\u017enosti, da odgovori na vpra\u0161anja, povezana s preiskavo, a jih je zavrnila kar 111-krat\u201d, je izpostavil Rand Paul. Gre sicer za preiskavo glede izvora korona virusa in samih vladnih ukrepov, ko je bil dr. Fauci glavni zdravstveni svetovalec Bele hi\u0161e. Fauci naj bi v svojih osebnih zapiskih pisal o izvoru virusa druga\u010de, kot je o tem govoril javno.<\/p>\n<p><img fetchpriority=\"high\" decoding=\"async\" class=\"wp-image-991097\" src=\"https:\/\/www.europesays.com\/si\/wp-content\/uploads\/2026\/08\/11004780-400x267.jpg.webp\" alt=\"\" width=\"1199\" height=\"800\"  \/>Senator Rand Paul (Foto: EPA\/MICHAEL REYNOLDS)<\/p>\n<p style=\"text-align: justify;\">Biv\u0161i predsednik Joe Biden je sicer zadnji dan svojega predsedovanja podelil Fauciju predsedni\u0161ko popolno imuniteto za vsako morebitno kaznivo dejanje, ki bi ga kot direktor, svetovalec Bele hi\u0161e ali vodja skupine za boj proti virusu, zagre\u0161il med letom 2014 in do konca svojega vodenja Nacionalnega in\u0161tituta za alergijo in nalezljive bolezni. \u010ceprav je Paul zanikal Faucijevo sklicevanje na ta privilegij, slednji kljub temu ni hotel odgovarjati na vpra\u0161anja.<\/p>\n<p style=\"text-align: justify;\">Poro\u010dilo odbora o tem, da je Fauci spoznan za krivega prezira do kongresa bo predano to\u017eilstvu v okro\u017eju Kolumbija z namenom, da bo Fauci nadalje obravnavan v skladu z zakonodajo. Odbor je sicer dobil kopijo sporo\u010dil iz Faucijevega telefona v upanju, da bodo v njegovih sporo\u010dilih dobili odgovore na svoja vpra\u0161anja.<\/p>\n<p>A. S.<\/p>\n","protected":false},"excerpt":{"rendered":"Odbor Senata za domovinsko varnost in vladne zadeve je v \u010detrtek odlo\u010dil, da se dr. Anthonyja Faucija, zdravnika&hellip;\n","protected":false},"author":2,"featured_media":185280,"comment_status":"","ping_status":"","sticky":false,"template":"","format":"standard","meta":{"footnotes":"","_share_on_mastodon":"0"},"categories":[8],"tags":[44426,14127,37,38,64,63,404],"class_list":["post-185279","post","type-post","status-publish","format-standard","has-post-thumbnail","category-svet","tag-anthony-fauci","tag-covid-19","tag-slovene","tag-slovenscina","tag-svet","tag-world","tag-zda"],"share_on_mastodon":{"url":"https:\/\/pubeurope.com\/@si\/117063090139255339","error":""},"_links":{"self":[{"href":"https:\/\/www.europesays.com\/si\/wp-json\/wp\/v2\/posts\/185279","targetHints":{"allow":["GET"]}}],"collection":[{"href":"https:\/\/www.europesays.com\/si\/wp-json\/wp\/v2\/posts"}],"about":[{"href":"https:\/\/www.europesays.com\/si\/wp-json\/wp\/v2\/types\/post"}],"author":[{"embeddable":true,"href":"https:\/\/www.europesays.com\/si\/wp-json\/wp\/v2\/users\/2"}],"replies":[{"embeddable":true,"href":"https:\/\/www.europesays.com\/si\/wp-json\/wp\/v2\/comments?post=185279"}],"version-history":[{"count":0,"href":"https:\/\/www.europesays.com\/si\/wp-json\/wp\/v2\/posts\/185279\/revisions"}],"wp:featuredmedia":[{"embeddable":true,"href":"https:\/\/www.europesays.com\/si\/wp-json\/wp\/v2\/media\/185280"}],"wp:attachment":[{"href":"https:\/\/www.europesays.com\/si\/wp-json\/wp\/v2\/media?parent=185279"}],"wp:term":[{"taxonomy":"category","embeddable":true,"href":"https:\/\/www.europesays.com\/si\/wp-json\/wp\/v2\/categories?post=185279"},{"taxonomy":"post_tag","embeddable":true,"href":"https:\/\/www.europesays.com\/si\/wp-json\/wp\/v2\/tags?post=185279"}],"curies":[{"name":"wp","href":"https:\/\/api.w.org\/{rel}","templated":true}]}}