{"id":185575,"date":"2026-08-09T10:06:11","date_gmt":"2026-08-09T10:06:11","guid":{"rendered":"https:\/\/www.europesays.com\/si\/185575\/"},"modified":"2026-08-09T10:06:11","modified_gmt":"2026-08-09T10:06:11","slug":"se-najmanj-en-teden-bo-jasno-s-temperaturami-do-35-stopinj-celzija-in-brez-vecjih-padavin","status":"publish","type":"post","link":"https:\/\/www.europesays.com\/si\/185575\/","title":{"rendered":"\u0160e najmanj en teden bo jasno, s temperaturami do 35 stopinj Celzija in brez ve\u010djih padavin"},"content":{"rendered":"<p>\t\t\t\t\t\t\t\t<a href=\"https:\/\/www.europesays.com\/si\/wp-content\/uploads\/2026\/08\/67066509.jpg\" itemprop=\"contentUrl\" data-size=\"1200x800\" data-large=\"https:\/\/www.europesays.com\/si\/wp-content\/uploads\/2026\/08\/67066509.jpg\"><br \/>\n\t\t\t\t\t\t\t\t\t<img decoding=\"async\" src=\"https:\/\/www.europesays.com\/si\/wp-content\/uploads\/2026\/08\/67066509.jpg\" title=\"Vro\u010de in suho poletje se nadaljuje. Foto: BoBo\" alt=\"Vro\u010de in suho poletje se nadaljuje. Foto: BoBo\"\/><br \/>\n\t\t\t\t\t\t\t\t<\/a><\/p>\n<p>\t\t\t\t\t\t\t\t\tVro\u010de in suho poletje se nadaljuje. Foto: BoBo<\/p>\n<p>\t\t\t\t\t\t\t<a id=\"preferredSourceBanner\" href=\"https:\/\/www.rtvslo.si\/okolje\/se-vsaj-en-teden-bo-jasno-s-temperaturami-do-35-stopinj-in-brez-vecjih-padavin\/javascript:void(0)\" target=\"_blank\" class=\"d-none align-items-center justify-content-between rounded my-3\" style=\"padding: 10px 15px;\" rel=\"nofollow noopener\"><br \/>\n\t\t\t\t\t\t<img decoding=\"async\" src=\"https:\/\/img.rtvslo.si\/_static\/novi\/img\/ico-google.svg\" class=\"flex-shrink-0 mr-3\" aria-hidden=\"true\"\/><br \/>\n\t\t\t\t\t\tSpremljajte RTVSLO.si kot prednostni vir na Google<\/p>\n<p>\t\t\t\t\t<\/a><\/p>\n<p>Po prehodu hladne fronte v no\u010di s petka na soboto, ki je predvsem severnim in osrednjim delom dr\u017eave prinesla nekaj blagodejnih padavin, je bila sobota ve\u010dinoma vsaj glede na razmere leto\u0161nje poletje prijetnej\u0161a. Temperature so se ve\u010dinoma gibale pri okoli 30 stopinjah Celzija ali malo pod to mejo. Izjema je bila Primorska, kjer so ob \u0161ibki burji dosegle tudi 35 stopinj Celzija, tako da se tam dolgotrajni vro\u010dinski val ni prekinil.<\/p>\n<p>Oglas<\/p>\n<p>V ponedeljek in torek popoldne mogo\u010de plohe in nevihte<\/p>\n<p>Danes bo po napovedih Agencije RS za okolje (Arso) jasno. Najvi\u0161je dnevne temperature bodo od 28 do 33, na Gori\u0161kem in v slovenski Istri do 35 stopinj Celzija. Predvsem na Primorskem bo \u010dez dan velika toplotna obremenitev. Tudi v ponedeljek in torek bo son\u010dno in vro\u010de. V ponedeljek popoldne lahko predvsem na severu nastane kak\u0161na vro\u010dinska nevihta, prav tako se nekaj ploh in neviht nakazuje v torek popoldne. V sredo bo prete\u017eno jasno. Zapihal bo veter vzhodnih smeri, na Primorskem \u0161ibka burja. Vro\u010dina v notranjosti bo nekoliko popustila.<\/p>\n<p>\t\t\t\t\t\t\t\t<a href=\"https:\/\/www.europesays.com\/si\/wp-content\/uploads\/2026\/08\/67066510.jpg\" itemprop=\"contentUrl\" data-size=\"1200x800\" data-large=\"https:\/\/www.europesays.com\/si\/wp-content\/uploads\/2026\/08\/67066510.jpg\"><br \/>\n\t\t\t\t\t\t\t\t\t<img decoding=\"async\" src=\"https:\/\/www.europesays.com\/si\/wp-content\/uploads\/2026\/08\/67066510.jpg\" title=\"Na fotografiji nizek vodostaj reke Savinje. Foto: BoBo\" alt=\"Na fotografiji nizek vodostaj reke Savinje. Foto: BoBo\"\/><br \/>\n\t\t\t\t\t\t\t\t<\/a><\/p>\n<p>\t\t\t\t\t\t\t\t\tNa fotografiji nizek vodostaj reke Savinje. Foto: BoBo<\/p>\n<p>Po ocenah Arsa bo jasno vreme prevladovalo do vklju\u010dno prihodnje nedelje. Najni\u017eje jutranje temperature bodo ve\u010dinoma od 15 do 20, na Primorskem okoli 22 stopinj Celzija, najvi\u0161je dnevne pa od 30 do 35 stopinj Celzija, ob \u0161ibki burji na Gori\u0161kem in v Vipavski dolini sprva \u0161e kak\u0161no stopinjo ve\u010d.<\/p>\n<p>Zaradi su\u0161e vse bolj zaostrene razmere<\/p>\n<p>Ve\u010djih padavin za zdaj ni v napovedi. Te\u017eave zaradi pomanjkanja de\u017eja, nizkega vodostaja rek in velike oziroma zelo velike po\u017earne ogro\u017eenosti se bodo tako nadaljevale in po vsej verjetnosti \u0161e stopnjevale. Podobno oziroma celo \u0161e huje je v ve\u010djem delu Evrope, kjer je leto\u0161nje poletje zaradi su\u0161e in nepopustljive vro\u010dine ponekod \u017ee dobilo zgodovinske razse\u017enosti.<\/p>\n<p>Oglas<\/p>\n","protected":false},"excerpt":{"rendered":"Vro\u010de in suho poletje se nadaljuje. Foto: BoBo Spremljajte RTVSLO.si kot prednostni vir na Google Po prehodu hladne&hellip;\n","protected":false},"author":2,"featured_media":185576,"comment_status":"","ping_status":"","sticky":false,"template":"","format":"standard","meta":{"footnotes":"","_share_on_mastodon":"0"},"categories":[20],"tags":[32,35,31,34,36,7187,37,38,1146,33,374,1105],"class_list":["post-185575","post","type-post","status-publish","format-standard","has-post-thumbnail","category-novice","tag-headlines","tag-najpomembnejse-novice","tag-news","tag-novice","tag-osrednje-novice","tag-poletje","tag-slovene","tag-slovenscina","tag-susa","tag-top-stories","tag-vreme","tag-vrocina"],"share_on_mastodon":{"url":"https:\/\/pubeurope.com\/@si\/117064996329444804","error":""},"_links":{"self":[{"href":"https:\/\/www.europesays.com\/si\/wp-json\/wp\/v2\/posts\/185575","targetHints":{"allow":["GET"]}}],"collection":[{"href":"https:\/\/www.europesays.com\/si\/wp-json\/wp\/v2\/posts"}],"about":[{"href":"https:\/\/www.europesays.com\/si\/wp-json\/wp\/v2\/types\/post"}],"author":[{"embeddable":true,"href":"https:\/\/www.europesays.com\/si\/wp-json\/wp\/v2\/users\/2"}],"replies":[{"embeddable":true,"href":"https:\/\/www.europesays.com\/si\/wp-json\/wp\/v2\/comments?post=185575"}],"version-history":[{"count":0,"href":"https:\/\/www.europesays.com\/si\/wp-json\/wp\/v2\/posts\/185575\/revisions"}],"wp:featuredmedia":[{"embeddable":true,"href":"https:\/\/www.europesays.com\/si\/wp-json\/wp\/v2\/media\/185576"}],"wp:attachment":[{"href":"https:\/\/www.europesays.com\/si\/wp-json\/wp\/v2\/media?parent=185575"}],"wp:term":[{"taxonomy":"category","embeddable":true,"href":"https:\/\/www.europesays.com\/si\/wp-json\/wp\/v2\/categories?post=185575"},{"taxonomy":"post_tag","embeddable":true,"href":"https:\/\/www.europesays.com\/si\/wp-json\/wp\/v2\/tags?post=185575"}],"curies":[{"name":"wp","href":"https:\/\/api.w.org\/{rel}","templated":true}]}}