{"id":185796,"date":"2026-08-09T15:29:10","date_gmt":"2026-08-09T15:29:10","guid":{"rendered":"https:\/\/www.europesays.com\/si\/185796\/"},"modified":"2026-08-09T15:29:10","modified_gmt":"2026-08-09T15:29:10","slug":"bo-slovenija-gostila-novo-veliko-tekmovanje-srbi-dali-zeleno-luc-za-soorganizacijo","status":"publish","type":"post","link":"https:\/\/www.europesays.com\/si\/185796\/","title":{"rendered":"Bo Slovenija gostila novo veliko tekmovanje? Srbi dali zeleno lu\u010d za soorganizacijo"},"content":{"rendered":"<p>Srbija dala zeleno lu\u010d za skupno organizacijo rokometnega EP 2034 s Slovenijo in Severno Makedonijo.<\/p>\n<p>Skup\u0161\u010dina srbske rokometne zveze je potrdila predlog za oddajo skupne kandidature s Slovenijo in Severno Makedonijo za organizacijo mo\u0161kega evropskega prvenstva v rokometu leta 2034, so danes sporo\u010dili s srbske zveze.<\/p>\n<p>&#8220;Zadnje dni smo opravili tri sestanke s predstavniki slovenske in makedonske zveze. Na\u010delno smo se dogovorili o vseh vpra\u0161anjih, vendar pred uradno objavo skupne kandidature potrebujemo va\u0161o potrditev. Na\u010drt predvideva, da bi evropsko prvenstvo potekalo v treh dr\u017eavah, pri \u010demer bi se v vsaki odigrale tekme dveh skupin, Srbija pa bi gostila zaklju\u010dni konec tedna,&#8221; je na seji skup\u0161\u010dine dejal predsednik srbske rokometne zveze Bo\u017eidar \u0110urkovi\u0107.<\/p>\n<p><img decoding=\"async\" alt=\"EP v rokometu 2004 | Avtor: Profimedia\" class=\"rwd\" data-href=\"https:\/\/www.zurnal24.si\/media\/img\/10\/bc\/a9da1b4fd95ca4c173c5.jpeg\" itemprop=\"image\" src=\"\/media\/img\/6e\/58\/e0b2d12c2679a2a3ce41.jpeg\"\/><\/p>\n<p>                Profimedia<\/p>\n<p>&#8220;Iskreno povedano, imamo dobre mo\u017enosti za uspeh kandidature. Vse tri dr\u017eave imajo na voljo potrebne zmogljivosti, zato verjamem, da bo projekt uspe\u0161en. Obstaja tudi mo\u017enost gostitve turnirjev za mlaj\u0161e starostne kategorije, zato vas prosim za zeleno lu\u010d za oddajo kandidature,&#8221; je dodal \u0110urkovi\u0107.<\/p>\n<p>Mo\u0161ko evropsko prvenstvo leta 2028 bodo gostile Portugalska, \u0160panija in \u0160vica, dve leti pozneje pa bo turnir potekal na \u010ce\u0161kem, Danskem in Poljskem. Gostiteljici evropskega prvenstva leta 2032 bosta Nem\u010dija in Francija.<\/p>\n<p><img decoding=\"async\" alt=\"Slovenska rokometna reprezentanca, EP 2004 | Avtor: Profimedia\" class=\"rwd\" data-href=\"https:\/\/www.zurnal24.si\/media\/img\/b7\/3c\/cf637959b7794a8d711e.jpeg\" itemprop=\"image\" src=\"\/media\/img\/ee\/b3\/1b563879868fdf562a02.jpeg\"\/><\/p>\n<p>                Profimedia<\/p>\n<p>Slovenska rokometna reprezentanca je sicer na svojem zadnjem evropskem prvenstvu, ki so ga gostile Danska, Norve\u0161ka in \u0160vedska, osvojila osmo mesto, svoj dale\u010d najbolj\u0161i rezultat in svojo edino medaljo pa je dosegla ravno na doma\u010dem evropskem prvenstvu v Sloveniji leta 2004, ko je bila \u010detrta.<\/p>\n","protected":false},"excerpt":{"rendered":"Srbija dala zeleno lu\u010d za skupno organizacijo rokometnega EP 2034 s Slovenijo in Severno Makedonijo. Skup\u0161\u010dina srbske rokometne&hellip;\n","protected":false},"author":2,"featured_media":185797,"comment_status":"","ping_status":"","sticky":false,"template":"","format":"standard","meta":{"footnotes":"","_share_on_mastodon":"0"},"categories":[16],"tags":[46904,46905,301,62,37,58,60,38,27222,94,93],"class_list":["post-185796","post","type-post","status-publish","format-standard","has-post-thumbnail","category-sport","tag-ep-v-rokometu","tag-evropsko-prvenstvo-v-rokometu","tag-rokomet","tag-si","tag-slovene","tag-slovenia","tag-slovenija","tag-slovenscina","tag-slovenska-rokometna-reprezentanca","tag-sport","tag-sports"],"share_on_mastodon":{"url":"https:\/\/pubeurope.com\/@si\/117066266621886111","error":""},"_links":{"self":[{"href":"https:\/\/www.europesays.com\/si\/wp-json\/wp\/v2\/posts\/185796","targetHints":{"allow":["GET"]}}],"collection":[{"href":"https:\/\/www.europesays.com\/si\/wp-json\/wp\/v2\/posts"}],"about":[{"href":"https:\/\/www.europesays.com\/si\/wp-json\/wp\/v2\/types\/post"}],"author":[{"embeddable":true,"href":"https:\/\/www.europesays.com\/si\/wp-json\/wp\/v2\/users\/2"}],"replies":[{"embeddable":true,"href":"https:\/\/www.europesays.com\/si\/wp-json\/wp\/v2\/comments?post=185796"}],"version-history":[{"count":0,"href":"https:\/\/www.europesays.com\/si\/wp-json\/wp\/v2\/posts\/185796\/revisions"}],"wp:featuredmedia":[{"embeddable":true,"href":"https:\/\/www.europesays.com\/si\/wp-json\/wp\/v2\/media\/185797"}],"wp:attachment":[{"href":"https:\/\/www.europesays.com\/si\/wp-json\/wp\/v2\/media?parent=185796"}],"wp:term":[{"taxonomy":"category","embeddable":true,"href":"https:\/\/www.europesays.com\/si\/wp-json\/wp\/v2\/categories?post=185796"},{"taxonomy":"post_tag","embeddable":true,"href":"https:\/\/www.europesays.com\/si\/wp-json\/wp\/v2\/tags?post=185796"}],"curies":[{"name":"wp","href":"https:\/\/api.w.org\/{rel}","templated":true}]}}