{"id":185820,"date":"2026-08-09T16:06:11","date_gmt":"2026-08-09T16:06:11","guid":{"rendered":"https:\/\/www.europesays.com\/si\/185820\/"},"modified":"2026-08-09T16:06:11","modified_gmt":"2026-08-09T16:06:11","slug":"koper-usoden-skok-srne-pred-motoristom","status":"publish","type":"post","link":"https:\/\/www.europesays.com\/si\/185820\/","title":{"rendered":"Koper: Usoden skok srne pred motoristom"},"content":{"rendered":"<p>Z motornim kolesom tr\u010dil v srno, ob padcu si je zlomil ve\u010d reber in ramo. Srna je poginila.<\/p>\n<p>* &#8211; Fotografija je simbolna<\/p>\n<p>Policisti so v soboto zve\u010der obravnavali nesre\u010do voznika, ki je na \u0160marski cesti v Kopru z motornim kolesom tr\u010dil v srno in padel na vozi\u0161\u010de, pri tem pa se je huje po\u0161kodoval. Zlomil si je namre\u010d ve\u010d reber in ramo. Re\u0161evalci so ga odpeljali v izolsko bolni\u0161nico, je sporo\u010dila Policijska uprava Koper.<\/p>\n<p>Do nesre\u010de je pri\u0161lo nekaj pred 23. uro. Policisti so na kraju ugotovili, da je 61-letni dr\u017eavljan Hrva\u0161ke z motornim kolesom vozil iz Kopra proti \u0160marjam, ko je z desne strani pred vozilo pritekla srna.<\/p>\n<p>Voznik je tr\u010dil vanjo in padel na vozi\u0161\u010de, pri tem pa se je huje telesno po\u0161kodoval, tako da so ga re\u0161evalci odpeljali v izolsko bolni\u0161nico.<\/p>\n<p>Srna je na kraju poginila, o kadavru pa je bila obve\u0161\u010dena pristojna slu\u017eba. Cesta je bila zaradi dogodka kraj\u0161i \u010das zaprta.<\/p>\n<p><a href=\"http:\/\/dezurni@styria-media.si\" target=\"_blank\" rel=\"nofollow noopener\">dezurni@styria-media.si<\/a><\/p>\n","protected":false},"excerpt":{"rendered":"Z motornim kolesom tr\u010dil v srno, ob padcu si je zlomil ve\u010d reber in ramo. Srna je poginila.&hellip;\n","protected":false},"author":2,"featured_media":185821,"comment_status":"","ping_status":"","sticky":false,"template":"","format":"standard","meta":{"footnotes":"","_share_on_mastodon":"0"},"categories":[25],"tags":[46913,161,7960,215,62,37,58,60,38],"class_list":["post-185820","post","type-post","status-publish","format-standard","has-post-thumbnail","category-koper","tag-divjad-na-cesti","tag-koper","tag-motorist","tag-prometna-nesreca","tag-si","tag-slovene","tag-slovenia","tag-slovenija","tag-slovenscina"],"share_on_mastodon":{"url":"https:\/\/pubeurope.com\/@si\/117066411780932933","error":""},"_links":{"self":[{"href":"https:\/\/www.europesays.com\/si\/wp-json\/wp\/v2\/posts\/185820","targetHints":{"allow":["GET"]}}],"collection":[{"href":"https:\/\/www.europesays.com\/si\/wp-json\/wp\/v2\/posts"}],"about":[{"href":"https:\/\/www.europesays.com\/si\/wp-json\/wp\/v2\/types\/post"}],"author":[{"embeddable":true,"href":"https:\/\/www.europesays.com\/si\/wp-json\/wp\/v2\/users\/2"}],"replies":[{"embeddable":true,"href":"https:\/\/www.europesays.com\/si\/wp-json\/wp\/v2\/comments?post=185820"}],"version-history":[{"count":0,"href":"https:\/\/www.europesays.com\/si\/wp-json\/wp\/v2\/posts\/185820\/revisions"}],"wp:featuredmedia":[{"embeddable":true,"href":"https:\/\/www.europesays.com\/si\/wp-json\/wp\/v2\/media\/185821"}],"wp:attachment":[{"href":"https:\/\/www.europesays.com\/si\/wp-json\/wp\/v2\/media?parent=185820"}],"wp:term":[{"taxonomy":"category","embeddable":true,"href":"https:\/\/www.europesays.com\/si\/wp-json\/wp\/v2\/categories?post=185820"},{"taxonomy":"post_tag","embeddable":true,"href":"https:\/\/www.europesays.com\/si\/wp-json\/wp\/v2\/tags?post=185820"}],"curies":[{"name":"wp","href":"https:\/\/api.w.org\/{rel}","templated":true}]}}