{"id":185882,"date":"2026-08-09T17:28:11","date_gmt":"2026-08-09T17:28:11","guid":{"rendered":"https:\/\/www.europesays.com\/si\/185882\/"},"modified":"2026-08-09T17:28:11","modified_gmt":"2026-08-09T17:28:11","slug":"ni-predaje-tim-gajser-ostal-v-belgiji-na-testiranju-in-dirki","status":"publish","type":"post","link":"https:\/\/www.europesays.com\/si\/185882\/","title":{"rendered":"Ni predaje: Tim Gajser ostal v Belgiji na testiranju in dirki"},"content":{"rendered":"<p>Tim Gajser je po dirki svetovnega prvenstva v Belgiji \u0161e en teden dni ostal v domovini svoje ekipe. Po testiranjih med tednom je v nedeljo nastopil na mo\u010dni dirki belgijskega prvenstva. V prvi vo\u017enji je bil peti, v drugi pa je odstopil. Zmagal je Jeffrey Herlings, ki je dobil obe vo\u017enji. Svetovno prvenstvo se naslednji konec tedna nadaljuje na \u0160vedskem.<\/p>\n<p>Ker petkratni svetovni prvak Tim Gajser \u0161e ni zadovoljen s svojim novim motorjem, je po tretjem mestu na veliki nagradi, ki je bila na sporedu prej\u0161njo nedeljo, ostal v Belgiji. Tam je nenazadnje tudi doma njegova ekipa Kemea. Med tednom so testirali Yamahin motor, da bi vendarle na\u0161li \u017eelene re\u0161itve, predvsem za bolj\u0161e speljevanje s \u0161tartne rampe.\u00a0<\/p>\n<p>To nedeljo pa Gajser nastopa \u0161e na dirki belgijskega prvenstva z mo\u010dno mednarodno udele\u017ebo. Na \u0161tartu na progi Keiheuvel je namre\u010d kar 12 voznikov, ki nastopajo v svetovnem prvenstvu. Na kvalifikacijski vo\u017enji je bil Tim \u010detrti, najhitrej\u0161i je bil Jeffrey Herlings (Honda).\u00a0<\/p>\n<p><img decoding=\"async\" alt=\"Tim Gajser | Foto: Yamaha Racing\" class=\"article_content__inline_image js_imageLightbox is-clickable\" data-author=\"Yamaha Racing\" data-caption=\"Tim Gajser\" data-height=\"3328\" data-href=\"https:\/\/siol.net\/media\/img\/c2\/39\/d345e730116ecdd61c9c-tim-gajser-lommel-yamaha.jpeg\" data-width=\"4992\" loading=\"lazy\" src=\"\/media\/img\/02\/46\/796d829885a567369dd5-tim-gajser-lommel-yamaha.jpeg\" title=\"Tim Gajser Lommel Yamaha\"\/><\/p>\n<p> Tim Gajser<br \/>\n Foto: Yamaha Racing <\/p>\n<p>Vodilni v leto\u0161njem svetovnem prvestvu MXGP je zatem ve\u010d kot prepri\u010dljivo dobil tudi prvo vo\u017enjo. Bil je namre\u010d kar 44 sekund pred drugouvr\u010denim. To je bil Kay de Wolf (Husqvarna). \u017de tretji Andrea Adamo (KTM) je zaostal ve\u010d kot 50 sekund, Gajser na petem mestu pa 57 sekund. Aktualni svetovni prvak Romain Febvre (Kawasaki) je bil imel na \u0161estem mestu \u017ee minuto in 17 sekund zaostanka. V drugi vo\u017enji so bile razlike manj\u0161e, Herlings je zmagal 22 sekund pred De Wolfom. Gajser je odstopil \u0161tiri kroge pred karirasto zastavo.<\/p>\n<p>Gajser se tako domov vra\u010da \u0161ele v ponedeljek, naslednji konec tedna pa ga \u010daka 15. leto\u0161nja dirka svetovnega prvenstva. Z mivke se motokrosisti vra\u010dajo na trdo podlago, proga v Uddevalli na \u0160vedskem Timu le\u017ei in to bo ena bolj\u0161ih prilo\u017enosti za njegovo prvo zmago z Yamaho. V dosedanjem delu sezone je bil enkrat drugi in \u0161tirikrat tretji. Skupno je na \u010detrto mestu, a kar 141 to\u010dk za Herlingsom.\u00a0<\/p>\n<p>Drugi Slovenec v svetovnem prvenstvu MXGP Jan Pancar (TEM JP253 KTM) ta konec tedna ni tekmoval, saj ni bilo dirke\u00a0v italijanskem prvenstvu, v katerem sicer nastopa poleg svetovnega.<\/p>\n","protected":false},"excerpt":{"rendered":"Tim Gajser je po dirki svetovnega prvenstva v Belgiji \u0161e en teden dni ostal v domovini svoje ekipe.&hellip;\n","protected":false},"author":2,"featured_media":185883,"comment_status":"","ping_status":"","sticky":false,"template":"","format":"standard","meta":{"footnotes":"","_share_on_mastodon":"0"},"categories":[16],"tags":[3721,6156,6753,7972,4875,45299,5059,5060,5063,62,37,58,60,38,94,93,5061,5062],"class_list":["post-185882","post","type-post","status-publish","format-standard","has-post-thumbnail","category-sport","tag-honda","tag-jan-pancar","tag-jeffrey-herlings","tag-kawasaki","tag-ktm","tag-lommel","tag-motokros","tag-mxgp","tag-romain-febvre","tag-si","tag-slovene","tag-slovenia","tag-slovenija","tag-slovenscina","tag-sport","tag-sports","tag-tim-gajser","tag-yamaha"],"share_on_mastodon":{"url":"https:\/\/pubeurope.com\/@si\/117066734583477508","error":""},"_links":{"self":[{"href":"https:\/\/www.europesays.com\/si\/wp-json\/wp\/v2\/posts\/185882","targetHints":{"allow":["GET"]}}],"collection":[{"href":"https:\/\/www.europesays.com\/si\/wp-json\/wp\/v2\/posts"}],"about":[{"href":"https:\/\/www.europesays.com\/si\/wp-json\/wp\/v2\/types\/post"}],"author":[{"embeddable":true,"href":"https:\/\/www.europesays.com\/si\/wp-json\/wp\/v2\/users\/2"}],"replies":[{"embeddable":true,"href":"https:\/\/www.europesays.com\/si\/wp-json\/wp\/v2\/comments?post=185882"}],"version-history":[{"count":0,"href":"https:\/\/www.europesays.com\/si\/wp-json\/wp\/v2\/posts\/185882\/revisions"}],"wp:featuredmedia":[{"embeddable":true,"href":"https:\/\/www.europesays.com\/si\/wp-json\/wp\/v2\/media\/185883"}],"wp:attachment":[{"href":"https:\/\/www.europesays.com\/si\/wp-json\/wp\/v2\/media?parent=185882"}],"wp:term":[{"taxonomy":"category","embeddable":true,"href":"https:\/\/www.europesays.com\/si\/wp-json\/wp\/v2\/categories?post=185882"},{"taxonomy":"post_tag","embeddable":true,"href":"https:\/\/www.europesays.com\/si\/wp-json\/wp\/v2\/tags?post=185882"}],"curies":[{"name":"wp","href":"https:\/\/api.w.org\/{rel}","templated":true}]}}