{"id":185892,"date":"2026-08-09T17:46:08","date_gmt":"2026-08-09T17:46:08","guid":{"rendered":"https:\/\/www.europesays.com\/si\/185892\/"},"modified":"2026-08-09T17:46:08","modified_gmt":"2026-08-09T17:46:08","slug":"poglejte-kaksen-raj-ima-carmen-osovnikar-kmetija-kar-doma","status":"publish","type":"post","link":"https:\/\/www.europesays.com\/si\/185892\/","title":{"rendered":"Poglejte, kak\u0161en raj ima Carmen Osovnikar (Kmetija) kar doma"},"content":{"rendered":"<p>        Carmen Osovnikar smo spoznali v \u0161ovu Sanjski mo\u0161ki, kjer je s svojo neposrednostjo in temperamentom hitro postala ena najbolj prepoznavnih tekmovalk.<\/p>\n<p>Kasneje smo jo spremljali tudi v \u0161ovu Vra\u017eje dame in letos v Kmetiji, danes pa ostaja zvesta sama sebi \u2013 brez dlake na jeziku in z veliko mero humorja. O Carmen smo v zadnjem \u010dasu \u017ee ve\u010dkrat pisali. Pokazala je, da zna <a href=\"https:\/\/www.tocnoto.si\/carmen-osovnikar-kmetija-se-je-lotila-necesa-povsem-novega-tega-od-nje-nismo-pricakovali\/\" rel=\"nofollow noopener\" target=\"_blank\">u\u017eivati v \u017eivljenju, hkrati pa nikoli ni skrivala, da so za njo tudi te\u017eja obdobja<\/a>. Tokrat pa je z nami delila precej bolj brezskrben utrinek iz svojega doma.<\/p>\n<p>Na dopust ji sploh ni treba<\/p>\n<p>Carmen je pokazala, kaj jo pri\u010daka, ko stopi pred svojo hi\u0161o. Velik bazen s kristalno \u010disto vodo, le\u017ealniki, urejena okolica in ogromno zelenja \u2013 prizor je tak\u0161en, da bi ga zlahka zamenjali za fotografijo iz kak\u0161nega po\u010ditni\u0161kega kompleksa.<\/p>\n<p><img fetchpriority=\"high\" decoding=\"async\" class=\"size-full wp-image-459063\" src=\"https:\/\/www.europesays.com\/si\/wp-content\/uploads\/2026\/08\/carmen_osovnikar7_1786197045_373731038.jpg\" alt=\"Prekrasen bazen pred domom Carmen Osovnikar. Vir: Instagram\" width=\"1069\" height=\"1900\"  \/>Prekrasen bazen pred domom Carmen Osovnikar. Vir: Instagram<\/p>\n<p>Nad prizorom je bila navdu\u0161ena tudi ena od njenih znank, ki ji je sporo\u010dila, da sama ob tak\u0161nem domu sploh ne bi potrebovala dopusta. Carmen so se besede o\u010ditno dotaknile, saj je zapisala, da je najlep\u0161e, ko lahko svoj mali ko\u0161\u010dek miru in sre\u010de deli tudi z nami. In res, ob pogledu na fotografijo je te\u017eko oporekati. V vro\u010dih poletnih dneh ima Carmen vse, kar potrebuje za popoln oddih, prakti\u010dno nekaj korakov od doma\u010dih vrat. Namesto pakiranja kov\u010dkov in iskanja prostora na nabito polnih pla\u017eah lahko preprosto sko\u010di v svoj bazen.<\/p>\n","protected":false},"excerpt":{"rendered":"Carmen Osovnikar smo spoznali v \u0161ovu Sanjski mo\u0161ki, kjer je s svojo neposrednostjo in temperamentom hitro postala ena&hellip;\n","protected":false},"author":2,"featured_media":185893,"comment_status":"","ping_status":"","sticky":false,"template":"","format":"standard","meta":{"footnotes":"","_share_on_mastodon":"0"},"categories":[18],"tags":[1704,114,62,37,58,60,38,115],"class_list":["post-185892","post","type-post","status-publish","format-standard","has-post-thumbnail","category-zabava","tag-carmen-osovnikar","tag-entertainment","tag-si","tag-slovene","tag-slovenia","tag-slovenija","tag-slovenscina","tag-zabava"],"share_on_mastodon":{"url":"https:\/\/pubeurope.com\/@si\/117066805159801273","error":""},"_links":{"self":[{"href":"https:\/\/www.europesays.com\/si\/wp-json\/wp\/v2\/posts\/185892","targetHints":{"allow":["GET"]}}],"collection":[{"href":"https:\/\/www.europesays.com\/si\/wp-json\/wp\/v2\/posts"}],"about":[{"href":"https:\/\/www.europesays.com\/si\/wp-json\/wp\/v2\/types\/post"}],"author":[{"embeddable":true,"href":"https:\/\/www.europesays.com\/si\/wp-json\/wp\/v2\/users\/2"}],"replies":[{"embeddable":true,"href":"https:\/\/www.europesays.com\/si\/wp-json\/wp\/v2\/comments?post=185892"}],"version-history":[{"count":0,"href":"https:\/\/www.europesays.com\/si\/wp-json\/wp\/v2\/posts\/185892\/revisions"}],"wp:featuredmedia":[{"embeddable":true,"href":"https:\/\/www.europesays.com\/si\/wp-json\/wp\/v2\/media\/185893"}],"wp:attachment":[{"href":"https:\/\/www.europesays.com\/si\/wp-json\/wp\/v2\/media?parent=185892"}],"wp:term":[{"taxonomy":"category","embeddable":true,"href":"https:\/\/www.europesays.com\/si\/wp-json\/wp\/v2\/categories?post=185892"},{"taxonomy":"post_tag","embeddable":true,"href":"https:\/\/www.europesays.com\/si\/wp-json\/wp\/v2\/tags?post=185892"}],"curies":[{"name":"wp","href":"https:\/\/api.w.org\/{rel}","templated":true}]}}