{"id":186227,"date":"2026-08-10T03:39:08","date_gmt":"2026-08-10T03:39:08","guid":{"rendered":"https:\/\/www.europesays.com\/si\/186227\/"},"modified":"2026-08-10T03:39:08","modified_gmt":"2026-08-10T03:39:08","slug":"mourinho-oster-do-okrepitve-prisel-je-zelo-slabo-pripravljen","status":"publish","type":"post","link":"https:\/\/www.europesays.com\/si\/186227\/","title":{"rendered":"Mourinho oster do okrepitve: Pri\u0161el je zelo slabo pripravljen"},"content":{"rendered":"<p>Jos\u00e9 Mourinho\u00a0je po drugi pripravljalni tekmi\u00a0Reala Madrida\u00a0razkril, zakaj nova okrepitev\u00a0Bernardo Silva\u00a0\u0161e ni pripravljen\u00a0za ve\u010djo vlogo. Portugalski trener je priznal, da je 31-letni vezist po poletnem premoru v Madrid pri\u0161el v slab\u0161i telesni pripravljenosti in s premalo kilogrami mi\u0161ic, a hkrati poudaril, da ostaja eden klju\u010dnih igralcev njegovega projekta.\u00a0<\/p>\n<p>Real Madrid je v Budimpe\u0161ti z 2:1 premagal Ferencvaro\u0161, Mourinho pa je po tekmi najve\u010d pozornosti namenil igralcem, ki so se ekipi pridru\u017eili pozneje. Med njimi je bil tudi Bernardo Silva, ki je proti mad\u017earskemu prvaku prvi\u010d oblekel beli dres. \u00bbBernardo je za nas zelo pomemben, a reve\u017e je eden tistih igralcev, ki jim med dopustom najbolj ustreza, da res ne po\u010dnejo ni\u010desar. Na priprave je pri\u0161el v precej slabi telesni pripravljenosti, zdaj mora to nadoknaditi,\u00ab je brez olep\u0161evanja dejal Mourinho.\u00a0\u00a0<\/p>\n<p><img decoding=\"async\" class=\"article__img-tag-visible\" src=\"https:\/\/www.europesays.com\/si\/wp-content\/uploads\/2026\/08\/3697757.width-660.format-webp.webp\" alt=\"Bernarda Silvo \u010daka \u0161e veliko dela, ne skriva Mourinho. Foto Bernadett Szabo\/Reuters\" img_id=\"14991142\" data-img-id=\"14991142\"\/><\/p>\n<p>Bernarda Silvo \u010daka \u0161e veliko dela, ne skriva Mourinho. Foto Bernadett Szabo\/Reuters<\/p>\n<p>Kljub kritiki portugalski strateg o kakovosti rojaka ne dvomi. Poudaril je, da je Bernardo izjemno vsestranski nogometa\u0161, ki lahko igra na ve\u010d polo\u017eajih, prav tak\u0161ne profile pa Madrid v tej sezoni potrebuje. \u00bbJe izjemen igralec. Lahko nam pomaga kot zadnji vezist, kot osmica ali vi\u0161je na igri\u0161\u010du. Med tekmo sem videl, da mu je za\u010delo zmanjkovati mo\u010di, zato sem ga premaknil bli\u017eje napadu. Tak\u0161ne nogometa\u0161e potrebujemo, ker \u017eelimo imeti kraj\u0161i igralski kader,\u00ab je pojasnil Mourinho.\u00a0\u00a0<\/p>\n<p>Ob tem je pohvalil tudi\u00a0Viniciusa Juniorja, ki se je po podalj\u0161anju pogodbe vrnil v mo\u0161tvo in takoj dosegel zadetek. Mourinho je priznal, da ni pri\u010dakoval, da bo Brazilec po tako malo treningih \u017ee sposoben sprinta \u010dez polovico igri\u0161\u010da in gola, prepri\u010dan pa je, da bosta tako Vinicius kot Bernardo iz tekme v tekmo telesno bolje pripravljena. Bernardo Silva je poleti iz\u00a0Manchester Cityja\u00a0prestopil v Real Madrid kot ena najve\u010djih okrepitev nove Mourinhove ere.\u00a0<\/p>\n","protected":false},"excerpt":{"rendered":"Jos\u00e9 Mourinho\u00a0je po drugi pripravljalni tekmi\u00a0Reala Madrida\u00a0razkril, zakaj nova okrepitev\u00a0Bernardo Silva\u00a0\u0161e ni pripravljen\u00a0za ve\u010djo vlogo. Portugalski trener je&hellip;\n","protected":false},"author":2,"featured_media":186228,"comment_status":"","ping_status":"","sticky":false,"template":"","format":"standard","meta":{"footnotes":"","_share_on_mastodon":"0"},"categories":[16],"tags":[17139,25080,899,62,37,58,60,38,94,93,35096],"class_list":["post-186227","post","type-post","status-publish","format-standard","has-post-thumbnail","category-sport","tag-bernardo-silva","tag-jose-mourinho","tag-real-madrid","tag-si","tag-slovene","tag-slovenia","tag-slovenija","tag-slovenscina","tag-sport","tag-sports","tag-vinicius-jr"],"share_on_mastodon":{"url":"https:\/\/pubeurope.com\/@si\/117069137038360554","error":""},"_links":{"self":[{"href":"https:\/\/www.europesays.com\/si\/wp-json\/wp\/v2\/posts\/186227","targetHints":{"allow":["GET"]}}],"collection":[{"href":"https:\/\/www.europesays.com\/si\/wp-json\/wp\/v2\/posts"}],"about":[{"href":"https:\/\/www.europesays.com\/si\/wp-json\/wp\/v2\/types\/post"}],"author":[{"embeddable":true,"href":"https:\/\/www.europesays.com\/si\/wp-json\/wp\/v2\/users\/2"}],"replies":[{"embeddable":true,"href":"https:\/\/www.europesays.com\/si\/wp-json\/wp\/v2\/comments?post=186227"}],"version-history":[{"count":0,"href":"https:\/\/www.europesays.com\/si\/wp-json\/wp\/v2\/posts\/186227\/revisions"}],"wp:featuredmedia":[{"embeddable":true,"href":"https:\/\/www.europesays.com\/si\/wp-json\/wp\/v2\/media\/186228"}],"wp:attachment":[{"href":"https:\/\/www.europesays.com\/si\/wp-json\/wp\/v2\/media?parent=186227"}],"wp:term":[{"taxonomy":"category","embeddable":true,"href":"https:\/\/www.europesays.com\/si\/wp-json\/wp\/v2\/categories?post=186227"},{"taxonomy":"post_tag","embeddable":true,"href":"https:\/\/www.europesays.com\/si\/wp-json\/wp\/v2\/tags?post=186227"}],"curies":[{"name":"wp","href":"https:\/\/api.w.org\/{rel}","templated":true}]}}