{"id":186235,"date":"2026-08-10T04:18:10","date_gmt":"2026-08-10T04:18:10","guid":{"rendered":"https:\/\/www.europesays.com\/si\/186235\/"},"modified":"2026-08-10T04:18:10","modified_gmt":"2026-08-10T04:18:10","slug":"slovenski-rokometasi-osvojili-srebro-usoden-konec-prvega-polcasa","status":"publish","type":"post","link":"https:\/\/www.europesays.com\/si\/186235\/","title":{"rendered":"Slovenski rokometa\u0161i osvojili srebro, usoden konec prvega pol\u010dasa"},"content":{"rendered":"<p>Slovenski rokometa\u0161i so v boju za zlato odli\u010dje morali priznati premo\u010d Nemcem.<\/p>\n<p>Slovenija je v konkurenci do 18 let prvi\u010d nastopila v finalu evropskega prvenstva, tako kot na \u010dlanskem Euru 2004 pa so bili\u00a0tudi tokrat previsoka ovira na poti do zlate kolajne Nemci.<\/p>\n<p>Dvoboj so izbranci Marka \u0160ibile odprli odli\u010dno in po seriji treh zadetkov, ki so jih dosegli in Tja\u0161 Er\u010dulj, Jaka Podvr\u0161i\u010d in Matic Aljan\u010di\u010d povedli z 8:5.<\/p>\n<p dir=\"ltr\" lang=\"en\">Another day, another Jaka&#8217;s magic move \u2728\ud83d\udc8e <a href=\"https:\/\/x.com\/rzs_si?ref_src=twsrc%5Etfw\" rel=\"nofollow\">@rzs_si<\/a> <a href=\"https:\/\/x.com\/hashtag\/ehfeuro2026?src=hash&amp;ref_src=twsrc%5Etfw\" rel=\"nofollow\">#ehfeuro2026<\/a> <a href=\"https:\/\/x.com\/hashtag\/followthefuture?src=hash&amp;ref_src=twsrc%5Etfw\" rel=\"nofollow\">#followthefuture<\/a> <a href=\"https:\/\/x.com\/hashtag\/handball?src=hash&amp;ref_src=twsrc%5Etfw\" rel=\"nofollow\">#handball<\/a> <a href=\"https:\/\/t.co\/iMazZKTt49\" rel=\"nofollow\">pic.twitter.com\/iMazZKTt49<\/a><\/p>\n<p>\u2014 EHF EURO (@EHFEURO) <a href=\"https:\/\/x.com\/EHFEURO\/status\/2086513046789271631?ref_src=twsrc%5Etfw\" rel=\"nofollow\">August 9, 2026<\/a><\/p>\n<p>A tekmeci so nato zaustavili nalet Slovencev in prevzeli pobudo. Povedli so z 11:9.\u00a0Slovenci so se nato dvakrat pribli\u017eali na gol zaostanka, a je Nem\u010dija dosegla zadnjih pet golov v prvem pol\u010dasu in na glavni odmor od\u0161la s prednostjo 17:11.<\/p>\n<p>Popolna prevlada se je nadaljevala tudi v drugem delu, v 40. minuti je bilo \u017ee +10 za Nem\u010dijo.<\/p>\n<p>Kasneje so Nemci brez te\u017eav nadzirali potek\u00a0dvoboja.<\/p>\n<p dir=\"ltr\" lang=\"en\">GERMAN SHOP IS CLOSED TODAY \ud83d\udd12\ud83c\udde9\ud83c\uddea <a href=\"https:\/\/x.com\/hashtag\/ehfeuro2026?src=hash&amp;ref_src=twsrc%5Etfw\" rel=\"nofollow\">#ehfeuro2026<\/a> <a href=\"https:\/\/x.com\/hashtag\/followthefuture?src=hash&amp;ref_src=twsrc%5Etfw\" rel=\"nofollow\">#followthefuture<\/a> <a href=\"https:\/\/x.com\/hashtag\/handball?src=hash&amp;ref_src=twsrc%5Etfw\" rel=\"nofollow\">#handball<\/a> <a href=\"https:\/\/t.co\/8tqfXDHEgn\" rel=\"nofollow\">pic.twitter.com\/8tqfXDHEgn<\/a><\/p>\n<p>\u2014 EHF EURO (@EHFEURO) <a href=\"https:\/\/x.com\/EHFEURO\/status\/2086525511329608163?ref_src=twsrc%5Etfw\" rel=\"nofollow\">August 9, 2026<\/a><\/p>\n<p>Kon\u010dni rezultat je bil 36:27.<\/p>\n<p>V slovenski vrsti so po pet golov dosegli Maks Ilc, Podvr\u0161i\u010d in \u017dan Kova\u010d, po dva Luka Kresal, Nik Sovi\u010d in Omar Aj\u0161i\u0107, po enega pa\u00a0Er\u010dulj, Aljan\u010di\u010d, Gal Rapotec, Luka Gale, Erazem Cizerle in Rok Blagus. Pri Nemcih je bil z osmimi goli najbolj\u0161i Vincent Faciejew.<\/p>\n<p>Slovenski upi so na tem EP dobili vse tekme do finala. V prvem delu so v skupini ugnali Severno Makedonijo, \u0160vedsko in Francijo, v glavnem delu pa \u0161e Nem\u010dijo in Srbijo. V \u010detrtfinalu so bili bolj\u0161i od Mad\u017earov, v polfinalu pa \u0161e od Dancev. Ti so na koncu osvojili bron po zmagi v malem finalu proti \u0160paniji z 28:25 (18:13).<\/p>\n<p>Slovenija je v konkurenci do 18 let svojila srebro, do 20 let pa je pred tremi tedni posegla po bronu.\u00a0<\/p>\n<p>&#8220;Na koncu turnirja smo zelo zadovoljni z na\u0161imi predstavami na celotnem prvenstvu. Na zadnji tekmi smo bili morda nekoliko preve\u010d pod vtisom pomembnosti obra\u010duna in nismo pokazali vsega, kar znamo. Kljub temu moram \u010destitati vsem fantom in celotnemu strokovnemu \u0161tabu, Rokometni zvezi Slovenije ter vsem, ki so nas na tej poti podpirali. Opravili smo veliko trdega dela,&#8221; je za Rokometno zvezo Slovenije povedal \u0160ibila.<\/p>\n<p>&#8220;Priti v finale evropskega prvenstva ni samoumevno. Na turnirju smo pustili odli\u010den vtis in vsi, ki so nas spremljali, so nas pozitivno ocenili. Slovenski rokomet ima veliko perspektivo, saj smo edina dr\u017eava, ki je medaljo osvojila tako v konkurenci do 18 kot do 20 let, kar je res velik dose\u017eek,&#8221; je \u0161e dodal \u0160ibila.<\/p>\n<p>                                            <script async src=\"https:\/\/platform.twitter.com\/widgets.js\" charset=\"utf-8\"><\/script><\/p>\n","protected":false},"excerpt":{"rendered":"Slovenski rokometa\u0161i so v boju za zlato odli\u010dje morali priznati premo\u010d Nemcem. Slovenija je v konkurenci do 18&hellip;\n","protected":false},"author":2,"featured_media":186236,"comment_status":"","ping_status":"","sticky":false,"template":"","format":"standard","meta":{"footnotes":"","_share_on_mastodon":"0"},"categories":[16],"tags":[301,62,37,58,60,38,94,93],"class_list":["post-186235","post","type-post","status-publish","format-standard","has-post-thumbnail","category-sport","tag-rokomet","tag-si","tag-slovene","tag-slovenia","tag-slovenija","tag-slovenscina","tag-sport","tag-sports"],"share_on_mastodon":{"url":"https:\/\/pubeurope.com\/@si\/117069290024411293","error":""},"_links":{"self":[{"href":"https:\/\/www.europesays.com\/si\/wp-json\/wp\/v2\/posts\/186235","targetHints":{"allow":["GET"]}}],"collection":[{"href":"https:\/\/www.europesays.com\/si\/wp-json\/wp\/v2\/posts"}],"about":[{"href":"https:\/\/www.europesays.com\/si\/wp-json\/wp\/v2\/types\/post"}],"author":[{"embeddable":true,"href":"https:\/\/www.europesays.com\/si\/wp-json\/wp\/v2\/users\/2"}],"replies":[{"embeddable":true,"href":"https:\/\/www.europesays.com\/si\/wp-json\/wp\/v2\/comments?post=186235"}],"version-history":[{"count":0,"href":"https:\/\/www.europesays.com\/si\/wp-json\/wp\/v2\/posts\/186235\/revisions"}],"wp:featuredmedia":[{"embeddable":true,"href":"https:\/\/www.europesays.com\/si\/wp-json\/wp\/v2\/media\/186236"}],"wp:attachment":[{"href":"https:\/\/www.europesays.com\/si\/wp-json\/wp\/v2\/media?parent=186235"}],"wp:term":[{"taxonomy":"category","embeddable":true,"href":"https:\/\/www.europesays.com\/si\/wp-json\/wp\/v2\/categories?post=186235"},{"taxonomy":"post_tag","embeddable":true,"href":"https:\/\/www.europesays.com\/si\/wp-json\/wp\/v2\/tags?post=186235"}],"curies":[{"name":"wp","href":"https:\/\/api.w.org\/{rel}","templated":true}]}}