{"id":186441,"date":"2026-08-10T08:12:08","date_gmt":"2026-08-10T08:12:08","guid":{"rendered":"https:\/\/www.europesays.com\/si\/186441\/"},"modified":"2026-08-10T08:12:08","modified_gmt":"2026-08-10T08:12:08","slug":"kateri-jansev-minister-je-sel-v-avtomobilski-soping","status":"publish","type":"post","link":"https:\/\/www.europesays.com\/si\/186441\/","title":{"rendered":"Kateri Jan\u0161ev minister je \u0161el v avtomobilski \u00bb\u0161oping\u00ab?"},"content":{"rendered":"<p>Minister za kmetijstvo Janez Cigler Kralj ni edini minister v novi vladi, ki se preva\u017ea z novim jeklenim konji\u010dkom. Julija so\u00a0vozni park posodobili\u00a0tudi na\u00a0ministrstvo za lokalno samoupravo, kohezijo in regionalni razvoj ter na ministrstvu za dru\u017eino, demografijo in socialne zadeve. O nakupu pa razmi\u0161ljajo \u0161e\u00a0drugi ministri.\u00a0<\/p>\n<p>Na ministrstvu za\u00a0lokalno samoupravo, kohezijo in regionalni razvoj, ki ga vodi ministrica Monika Kirbi\u0161 Rojs, so julija zaradi dotrajanosti prej\u0161njega slu\u017ebenega vozila Audi A8 3.0 TDI Quattro, letnik 2015, ki je imelo prevo\u017eenih 447.000 kilometrov, kupili rabljeno vozilo Audi A8 3.0 TDI Quattro, ki je bilo prvi\u010d registrirano leta 2022. Avto se uporablja za slu\u017ebene namene in protokolarne prevoze ministrice. Za avto so od\u0161teli 48.000 tiso\u010dakov. Sicer pa ima ministrica\u00a0v stalni uporabi sedem let staro vozilo audi A6\u00a03.0 TDI Quatro, ki ga uporablja za slu\u017ebene in zasebne namene.<\/p>\n<p>Ministrici\u00a0za dru\u017eino, demografijo in socialne zadeve Mateji Ribi\u010d je bilo dodeljeno rabljeno vozilo BMW iX1 (letnik 2024), ki ga uporablja za slu\u017ebene in zasebne namene. Pojasnjujejo, da je\u00a0ministrstvo vozilo kupilo 24. julija 2026. Ob nakupu je imelo pribli\u017eno 24.000 prevo\u017eenih kilometrov, njegova nabavna vrednost pa je zna\u0161ala 48.421,80 evra z DDV. Izklju\u010dno za slu\u017ebene potrebe je ministrici na voljo tudi vozilo Audi A6 z voznikom.<\/p>\n<p>        <img decoding=\"async\" data-lb-desktop=\"\/media\/2026\/08\/06\/4757\/O-P90465700_highRes_the-first-ever-bmw-i-1080.webp\" data-lb-mobile=\"\/media\/2026\/08\/06\/4757\/O-P90465700_highRes_the-first-ever-bmw-i-800.webp\" class=\"se_image se_image_lb\" src=\"https:\/\/www.europesays.com\/si\/wp-content\/uploads\/2026\/08\/O-P90465700_highRes_the-first-ever-bmw-i-800.webp\" alt=\"BMW iX1 \"\/><\/p>\n<p>BMW iX1, s katerim se preva\u017ea ministrica.\u00a0Foto: promocijska vsebina BMW<\/p>\n<p>Na ministrstvu ob tem poudarjajo, da je bil nakup novih oziroma rabljenih vozil\u00a0na\u010drtovan \u017ee v za\u010detku leta 2026 v okviru rednega upravljanja voznega parka ministrstva, za kar so bila zagotovljena tudi sredstva. Vsako leto imajo\u00a0v okviru na\u010drta posodabljanja voznega parka predvidena finan\u010dna sredstva za nakup dveh novih ali rabljenih vozil.<\/p>\n<p>Posodobitev voznega parka<\/p>\n<p>O nakupu novega vozila razmi\u0161ljajo tudi na ministrstvu za finance, kjer imajo za obdobje 2026-2028 rezerviranih 41 tiso\u010dakov za nakup novega vozila. Minister Andrej \u0160ircelj ima sicer na voljo slu\u017ebeno vozilo Volkswagen Tiguan Allspace Elegance 2,0 TDI 4 M DSG.\u00a0<\/p>\n<p>O novej\u0161em vozilu razmi\u0161lja tudi pravosodni minister, ki se\u00a0trenutno preva\u017ea s slu\u017ebenim vozilom Audi A6 3.0 TDI Quattro, letnik 2018.<\/p>\n<p class=\"SEClass1\">\u00bbVozilo je v uporabi \u017ee osmo leto in ima prevo\u017eenih ve\u010d kot 160.200 kilometrov. Ministrstvo zato razmi\u0161lja o posodobitvi voznega parka. \u010ce bo ministrstvo za notranje zadeve in javno upravo izvedlo napovedano skupno javno naro\u010dilo za nabavo slu\u017ebenih vozil, se mu namerava pridru\u017eiti tudi ministrstvo za pravosodje.\u00ab<\/p>\n<p>Kot je \u017ee znano, si je novo vozilo omislil minister za kmetijstvo Janez Cigler Kralj.\u00a0Do nastopa novega mandata je bilo za potrebe ministra v stalni uporabi vozilo Volkswagen Touareg, l. 2019, kupljeno med mandatom ministrice Mateje \u010calu\u0161i\u0107, katerega nabavna vrednost je bila 43.990 evrov. To vozilo je ministrstvo odstopilo v uporabo drugemu dr\u017eavnemu organu.<\/p>\n<p>Zaradi odlo\u010ditve, da okrepijo terensko delo, je ministrstvo kupilo\u00a0rabljeno vozilo Volkswagen Tayron 2.0 TDI, letnik 2025, z 28.000 prevo\u017eenih kilometrov, v vrednosti 39.500 evrov z DDV, ki ga minister Janez Cigler Kralj poleg slu\u017ebenega namena lahko uporablja tudi za zasebno rabo. Pla\u010dilo bonitete bo predvidoma zna\u0161alo 740 evrov mese\u010dno.<\/p>\n<p>        <img decoding=\"async\" data-lb-desktop=\"\/media\/2026\/08\/06\/4756\/O-1039388_HD-1080.webp\" data-lb-mobile=\"\/media\/2026\/08\/06\/4756\/O-1039388_HD-800.webp\" class=\"se_image se_image_lb\" src=\"https:\/\/www.europesays.com\/si\/wp-content\/uploads\/2026\/08\/O-1039388_HD-800.webp\" alt=\"Vozilo, ki si ga je omislil minister za kmetijstvo. Foto: VW\"\/><\/p>\n<p>Vozilo, ki si ga je omislil minister za kmetijstvo. Foto: promocijska vsebina VW<\/p>\n<p>Kaj pa ostala ministrstva?<\/p>\n<p>Ministrstvo za izobra\u017eevanje, znanost in mladino, ki ga vodi Borut Ron\u010devi\u010d, ima po zdru\u017eitvi ministrstev zdaj na voljo dve slu\u017ebeni vozili za prevoz funkcionarjev, in sicer BMW 520d (letnik 2017) ter BMW 530d (letnik 2022).<\/p>\n<p>Ministrstvo za zunanje in evropske zadeve\u00a0za prevoz ministra Toneta Kajzerja uporablja\u00a0vozilo znamke Audi A8 L, letnik 2021. To vozilo je na ministrstvu v uporabi\u00a0od lani, nakupa oziroma zamenjave slu\u017ebenega vozila ne na\u010drtujejo. Minister za zunanje in evropske zadeve je sicer varovana oseba, zato ga vozijo\u00a0in varujejo uslu\u017ebenci urada za varnost in za\u0161\u010dito\u00a0v okviru generalne policijske uprave.<\/p>\n<p>        <img decoding=\"async\" data-lb-desktop=\"\/media\/2026\/08\/06\/4758\/O-a8_200-1080.webp\" data-lb-mobile=\"\/media\/2026\/08\/06\/4758\/O-a8_200-800.webp\" class=\"se_image se_image_lb\" src=\"https:\/\/www.europesays.com\/si\/wp-content\/uploads\/2026\/08\/O-a8_200-800.webp\" alt=\"Audi A8 L\"\/><\/p>\n<p>Audi A8 L je vozilo, ki so ga na ministrstvu zunanje in evropske zadeve kupili lansko leto. Foto: promocijska vsebina Audi<\/p>\n<p>Minister za gospodarstvo, delo in \u0161port An\u017ee Logar se preva\u017ea z vozilom Audi A8. Na ministrstvu za infrastrukturo in energetiko pojasnjujejo, da minister za infrastrukturo in energetiko Jernej Vrtovec ne uporablja slu\u017ebenega vozila \u2013 ne v slu\u017ebene, ne v zasebne namene, saj je varovana oseba. Pri tem se uporablja slu\u017ebeno vozilo, ki je v lasti ministrstva za notranje zadeve.<\/p>\n<p>Dodali so \u0161e, da ministrstvo ni kupilo nobenega vozila, prav tako na ministrstvu niso najeli nobenega zunanjega izvajalca prevozov, so pa odpovedali pogodbo prej\u0161njemu, ki ga je najela ministrica Bratu\u0161ek.<\/p>\n<p>Tako kot infrastrukturni minister Vrtovec je varovana oseba tudi minister za obrambo Valentin Hajdinjak.<\/p>\n<p class=\"SEClass1\">\u00bbZa njegove prevoze in varovanje pristojen center za varovanje in za\u0161\u010dito pri MNZ, ki zagotovi tudi primerno vozilo. Ministrstvo za obrambo obenem ne na\u010drtuje nabave novega vozila za potrebe prevoza ministra, prav tako pa za svoje redno delovanje ne najema vozil za protokolarne\u00a0potrebe,\u00ab so zapisali na ministrstvu.\u00a0<\/p>\n<p>Enako varovanje in prevoz kot za Hajdinjaka, Vrtovca in Kajzerja velja tudi za ministra za notranje zadeve Francija Matoza. Na ministrstvu za notranje zadeve pravijo, da\u00a0za prevoz ministra trenutno uporabljajo vozilo Audi A8.<\/p>\n<p>Na ministrstvu za kulturo pod vodstvom Ignacije Fridl Jarc pa slu\u017ebene prevoze za potrebe funkcionarjev opravlja zunanji izvajalec, s katerim imajo sklenjeno pogodbo.<\/p>\n<p class=\"SEClass1\">\u00bbPrevoze opravlja s slu\u017ebenim vozilom ministrstva BMW 520, letnik 2018, ki se ne uporablja v zasebne namene funkcionarjev. Pri istem zunanjem izvajalcu ministrstvo po potrebi najame tudi vozilo za protokolarne namene.\u00ab<\/p>\n","protected":false},"excerpt":{"rendered":"Minister za kmetijstvo Janez Cigler Kralj ni edini minister v novi vladi, ki se preva\u017ea z novim jeklenim&hellip;\n","protected":false},"author":2,"featured_media":186442,"comment_status":"","ping_status":"","sticky":false,"template":"","format":"standard","meta":{"footnotes":"","_share_on_mastodon":"0"},"categories":[20],"tags":[32,35,31,34,36,37,38,7341,33,3123],"class_list":["post-186441","post","type-post","status-publish","format-standard","has-post-thumbnail","category-novice","tag-headlines","tag-najpomembnejse-novice","tag-news","tag-novice","tag-osrednje-novice","tag-slovene","tag-slovenscina","tag-sluzbeno-vozilo","tag-top-stories","tag-vozila"],"share_on_mastodon":{"url":"https:\/\/pubeurope.com\/@si\/117070210512285797","error":""},"_links":{"self":[{"href":"https:\/\/www.europesays.com\/si\/wp-json\/wp\/v2\/posts\/186441","targetHints":{"allow":["GET"]}}],"collection":[{"href":"https:\/\/www.europesays.com\/si\/wp-json\/wp\/v2\/posts"}],"about":[{"href":"https:\/\/www.europesays.com\/si\/wp-json\/wp\/v2\/types\/post"}],"author":[{"embeddable":true,"href":"https:\/\/www.europesays.com\/si\/wp-json\/wp\/v2\/users\/2"}],"replies":[{"embeddable":true,"href":"https:\/\/www.europesays.com\/si\/wp-json\/wp\/v2\/comments?post=186441"}],"version-history":[{"count":0,"href":"https:\/\/www.europesays.com\/si\/wp-json\/wp\/v2\/posts\/186441\/revisions"}],"wp:featuredmedia":[{"embeddable":true,"href":"https:\/\/www.europesays.com\/si\/wp-json\/wp\/v2\/media\/186442"}],"wp:attachment":[{"href":"https:\/\/www.europesays.com\/si\/wp-json\/wp\/v2\/media?parent=186441"}],"wp:term":[{"taxonomy":"category","embeddable":true,"href":"https:\/\/www.europesays.com\/si\/wp-json\/wp\/v2\/categories?post=186441"},{"taxonomy":"post_tag","embeddable":true,"href":"https:\/\/www.europesays.com\/si\/wp-json\/wp\/v2\/tags?post=186441"}],"curies":[{"name":"wp","href":"https:\/\/api.w.org\/{rel}","templated":true}]}}