{"id":186501,"date":"2026-08-10T09:27:10","date_gmt":"2026-08-10T09:27:10","guid":{"rendered":"https:\/\/www.europesays.com\/si\/186501\/"},"modified":"2026-08-10T09:27:10","modified_gmt":"2026-08-10T09:27:10","slug":"neza-klancar-zaradi-viroze-odpovedala-se-drugi-nastop-na-ep-ju","status":"publish","type":"post","link":"https:\/\/www.europesays.com\/si\/186501\/","title":{"rendered":"Ne\u017ea Klan\u010dar zaradi viroze odpovedala \u0161e drugi nastop na EP-ju"},"content":{"rendered":"<p>\t\t\t\t\t\t\t\t<a href=\"https:\/\/www.europesays.com\/si\/wp-content\/uploads\/2026\/08\/66206427.jpg\" itemprop=\"contentUrl\" data-size=\"1200x800\" data-large=\"https:\/\/www.europesays.com\/si\/wp-content\/uploads\/2026\/08\/66206427.jpg\"><br \/>\n\t\t\t\t\t\t\t\t\t<img decoding=\"async\" src=\"https:\/\/www.europesays.com\/si\/wp-content\/uploads\/2026\/08\/66206427.jpg\" title=\"Ne\u017ea Klan\u010dar. Foto: www.alesfevzer.com\" alt=\"Ne\u017ea Klan\u010dar. Foto: www.alesfevzer.com\"\/><br \/>\n\t\t\t\t\t\t\t\t<\/a><\/p>\n<p>\t\t\t\t\t\t\t\t\tNe\u017ea Klan\u010dar. Foto: www.alesfevzer.com<\/p>\n<p>\t\t\t\t\t\t\t<a id=\"preferredSourceBanner\" href=\"https:\/\/www.rtvslo.si\/sport\/preostali-sporti\/neza-klancar-zaradi-viroze-odpovedala-se-drugi-nastop-na-ep-ju\/javascript:void(0)\" target=\"_blank\" class=\"d-none align-items-center justify-content-between rounded my-3\" style=\"padding: 10px 15px;\" rel=\"nofollow noopener\"><br \/>\n\t\t\t\t\t\t<img decoding=\"async\" src=\"https:\/\/img.rtvslo.si\/_static\/novi\/img\/ico-google.svg\" class=\"flex-shrink-0 mr-3\" aria-hidden=\"true\"\/><br \/>\n\t\t\t\t\t\tSpremljajte RTVSLO.si kot prednostni vir na Google<\/p>\n<p>\t\t\t\t\t<\/a><\/p>\n<p>Odlo\u010ditve o tem, ali bo lahko najbolj\u0161a slovenska plavalka ob izbolj\u0161anju zdravstvenega stanja pozneje vendarle odpotovala v francosko prestolnico, \u0161e ni sprejela. Za zdaj ostaja doma, njen morebitni nastop na 50 metrov prosto, ki je na sporedu v petek, je pod vpra\u0161ajem, dodaja krovna plavalna zveza.<\/p>\n<p>Oglas<\/p>\n<p>26-letnica je prav v Parizu dosegla svoj najve\u010dji uspeh v karieri, ko je bila pred dvema letoma na olimpijskih igrah \u0161esta na 50 m prosto.<\/p>\n<p>Preostala slovenska trojica bo v torek nastopila v treh disciplinah. Sa\u0161o Bo\u0161kan bo plaval na 800 m prosto, Tina \u010celik na 100 m prsno in Primo\u017e \u0160enica Pavleti\u010d na 200 m hrbtno.<\/p>\n<p>Oglas<\/p>\n","protected":false},"excerpt":{"rendered":"Ne\u017ea Klan\u010dar. Foto: www.alesfevzer.com Spremljajte RTVSLO.si kot prednostni vir na Google Odlo\u010ditve o tem, ali bo lahko najbolj\u0161a&hellip;\n","protected":false},"author":2,"featured_media":186502,"comment_status":"","ping_status":"","sticky":false,"template":"","format":"standard","meta":{"footnotes":"","_share_on_mastodon":"0"},"categories":[20],"tags":[33252,32,35,31,45575,34,36,1255,1684,37,38,33,47051],"class_list":["post-186501","post","type-post","status-publish","format-standard","has-post-thumbnail","category-novice","tag-ep","tag-headlines","tag-najpomembnejse-novice","tag-news","tag-neza-klancar","tag-novice","tag-osrednje-novice","tag-pariz","tag-plavanje","tag-slovene","tag-slovenscina","tag-top-stories","tag-viroza"],"share_on_mastodon":{"url":"https:\/\/pubeurope.com\/@si\/117070505684021089","error":""},"_links":{"self":[{"href":"https:\/\/www.europesays.com\/si\/wp-json\/wp\/v2\/posts\/186501","targetHints":{"allow":["GET"]}}],"collection":[{"href":"https:\/\/www.europesays.com\/si\/wp-json\/wp\/v2\/posts"}],"about":[{"href":"https:\/\/www.europesays.com\/si\/wp-json\/wp\/v2\/types\/post"}],"author":[{"embeddable":true,"href":"https:\/\/www.europesays.com\/si\/wp-json\/wp\/v2\/users\/2"}],"replies":[{"embeddable":true,"href":"https:\/\/www.europesays.com\/si\/wp-json\/wp\/v2\/comments?post=186501"}],"version-history":[{"count":0,"href":"https:\/\/www.europesays.com\/si\/wp-json\/wp\/v2\/posts\/186501\/revisions"}],"wp:featuredmedia":[{"embeddable":true,"href":"https:\/\/www.europesays.com\/si\/wp-json\/wp\/v2\/media\/186502"}],"wp:attachment":[{"href":"https:\/\/www.europesays.com\/si\/wp-json\/wp\/v2\/media?parent=186501"}],"wp:term":[{"taxonomy":"category","embeddable":true,"href":"https:\/\/www.europesays.com\/si\/wp-json\/wp\/v2\/categories?post=186501"},{"taxonomy":"post_tag","embeddable":true,"href":"https:\/\/www.europesays.com\/si\/wp-json\/wp\/v2\/tags?post=186501"}],"curies":[{"name":"wp","href":"https:\/\/api.w.org\/{rel}","templated":true}]}}