{"id":186665,"date":"2026-08-10T12:07:14","date_gmt":"2026-08-10T12:07:14","guid":{"rendered":"https:\/\/www.europesays.com\/si\/186665\/"},"modified":"2026-08-10T12:07:14","modified_gmt":"2026-08-10T12:07:14","slug":"sam-neill-je-pred-smrtjo-posnel-se-svojo-vlogo-v-ekranizaciji-legende-o-zeldi","status":"publish","type":"post","link":"https:\/\/www.europesays.com\/si\/186665\/","title":{"rendered":"Sam Neill je pred smrtjo posnel \u0161e svojo vlogo v ekranizaciji Legende o Zeldi"},"content":{"rendered":"<p>\t\t\t\t\t\t\t\t<a href=\"https:\/\/www.europesays.com\/si\/wp-content\/uploads\/2026\/08\/67060963.jpg\" itemprop=\"contentUrl\" data-size=\"1200x800\" data-large=\"https:\/\/www.europesays.com\/si\/wp-content\/uploads\/2026\/08\/67060963.jpg\"><br \/>\n\t\t\t\t\t\t\t\t\t<img decoding=\"async\" src=\"https:\/\/www.europesays.com\/si\/wp-content\/uploads\/2026\/08\/67060963.jpg\" title=\"Na za\u010detku leta je Neill, ki si ga bomo med drugim zapomnili po vlogah v Jurskem parku in drami Klavir, javnosti sporo\u010dil, da je okreval od raka, in sicer zaradi genske terapije, ki je spremenila njegov imunski sistem. Na koncu je bila zanj usodna plju\u010dnica. Foto: EPA\" alt=\"Na za\u010detku leta je Neill, ki si ga bomo med drugim zapomnili po vlogah v Jurskem parku in drami Klavir, javnosti sporo\u010dil, da je okreval od raka, in sicer zaradi genske terapije, ki je spremenila njegov imunski sistem. Na koncu je bila zanj usodna plju\u010dnica. Foto: EPA\"\/><br \/>\n\t\t\t\t\t\t\t\t<\/a><\/p>\n<p>\t\t\t\t\t\t\t\t\tNa za\u010detku leta je Neill, ki si ga bomo med drugim zapomnili po vlogah v Jurskem parku in drami Klavir, javnosti sporo\u010dil, da je okreval od raka, in sicer zaradi genske terapije, ki je spremenila njegov imunski sistem. Na koncu je bila zanj usodna plju\u010dnica. Foto: EPA<\/p>\n<p>\t\t\t\t\t\t\t\t\t<a href=\"https:\/\/www.rtvslo.si\/n\/787962\" class=\"image-link image-heading image-container container-16-9\" data-large=\"https:\/\/img.rtvcdn.si\/_up\/upload\/2026\/07\/13\/67060914.jpg\" rel=\"nofollow noopener\" target=\"_blank\"><br \/>\n\t\t\t\t\t\t\t\t\t\t<img decoding=\"async\" src=\"https:\/\/www.europesays.com\/si\/wp-content\/uploads\/2026\/08\/67060914_thumb.jpg\" class=\"image-preview\"\/><br \/>\n\t\t\t\t\t\t\t\t\t<\/a><\/p>\n<p>\t\t\t\t\t\t\t\t\t\tSorodna novica<br \/>\n\t\t\t\t\t\t\t\t\t\t<a href=\"https:\/\/www.rtvslo.si\/n\/787962\" rel=\"nofollow noopener\" target=\"_blank\">Umrl je Sam Neill, zvezda filmske fran\u0161ize Jurski park in ganljivega Klavirja<\/a><\/p>\n<p>\t\t\t\t\t\t\t<a id=\"preferredSourceBanner\" href=\"https:\/\/www.rtvslo.si\/kultura\/film-in-tv\/sam-neill-je-pred-smrtjo-posnel-se-svojo-vlogo-v-ekranizaciji-legende-o-zeldi\/javascript:void(0)\" target=\"_blank\" class=\"d-none align-items-center justify-content-between rounded my-3\" style=\"padding: 10px 15px;\" rel=\"nofollow noopener\"><br \/>\n\t\t\t\t\t\t<img decoding=\"async\" src=\"https:\/\/img.rtvslo.si\/_static\/novi\/img\/ico-google.svg\" class=\"flex-shrink-0 mr-3\" aria-hidden=\"true\"\/><br \/>\n\t\t\t\t\t\tSpremljajte RTVSLO.si kot prednostni vir na Google<\/p>\n<p>\t\t\t\t\t<\/a><\/p>\n<p>Vloga v Legendi o Zeldi, ki na velika platna prihaja maja 2027, je bila eden zadnjih filmskih nastopov Sama Neilla. Snemanje se je kon\u010dalo v aprilu, poro\u010da filmski blog Deadline, ni pa \u0161e znano, katero vlogo v njem je Neill sploh imel. Poznavalci igre ugibajo, da bi bil primeren za lik kralja Hyrula, fantazijskega kraljestva, v katero je dogajanje postavljeno.<\/p>\n<p>Oglas<\/p>\n<p>Nekajkrat ga bomo \u0161e videli<br \/>Sicer pa je Sam Neill veliko delal tudi proti koncu svojega \u017eivljenja. Posnel je vlogo v blockbusterju Godzilla x Kong: Supernova, ki v kinematografe prihaja v marcu 2027, ter v romanti\u010dni komediji The Last Resort. V tem filmu igra o\u010deta glavne junakinje, ki jo upodobi Daisy Ridley, in bo prav tako dokon\u010dan v prihodnjem letu.<\/p>\n<p>Bilo je samo vpra\u0161anje \u010dasa<br \/>Odkar je podjetje Nintendo leta 1986 v svet poslalo prvo Legendo o Zeldi, je igra dobila \u017ee najmanj 20 nadaljevanj, odvodov in priredb. Po svetu so prodali nekje od 170 do 190 milijonov izvodov teh iger, kar pomeni, da je Zelda Nintendova tretja najbolj priljubljena fran\u0161iza (za Super Mario Brothers in Pok\u00e9mon). Po predlogi Zelde so \u017ee nastale mange in animirana TV-serija, napovedani film pa bo prvi igrani celove\u010derec. (Film so na\u010drtovali \u017ee leta 2007, a ga je ustavilo podjetje Nintendo, ker so se ustra\u0161ili neuspeha: v devetdesetih je namre\u010d prvi Super Mario film neslavno pogorel.) Glavni vlogi, Linka in princeso Zeldo, sta zdaj upodobila Britanca Benjamin Evan Ainsworth in Bo Bragason, re\u017eira pa Wes Ball (trilogija Labirint, Kraljestvo planeta opic).<\/p>\n<p>Sam Neill je v pol stoletja zgradil impresivno kariero tako pri filmu kot tudi na televiziji. Najve\u010d ljudi ga je poznalo prav po njegovih vlogah v fantazijskem in \u017eanrskem filmu, kamor lahko, denimo, \u0161tejemo tri dele Jurskega parka ter grozljivke Omen III, Obsedenost in Blaznost.<\/p>\n<p>Oglas<\/p>\n","protected":false},"excerpt":{"rendered":"Na za\u010detku leta je Neill, ki si ga bomo med drugim zapomnili po vlogah v Jurskem parku in&hellip;\n","protected":false},"author":2,"featured_media":186666,"comment_status":"","ping_status":"","sticky":false,"template":"","format":"standard","meta":{"footnotes":"","_share_on_mastodon":"0"},"categories":[18],"tags":[114,47083,23296,62,37,58,60,38,47084,115],"class_list":["post-186665","post","type-post","status-publish","format-standard","has-post-thumbnail","category-zabava","tag-entertainment","tag-legenda-o-zeldi","tag-sam-neill","tag-si","tag-slovene","tag-slovenia","tag-slovenija","tag-slovenscina","tag-wes-ball","tag-zabava"],"share_on_mastodon":{"url":"https:\/\/pubeurope.com\/@si\/117071134504859800","error":""},"_links":{"self":[{"href":"https:\/\/www.europesays.com\/si\/wp-json\/wp\/v2\/posts\/186665","targetHints":{"allow":["GET"]}}],"collection":[{"href":"https:\/\/www.europesays.com\/si\/wp-json\/wp\/v2\/posts"}],"about":[{"href":"https:\/\/www.europesays.com\/si\/wp-json\/wp\/v2\/types\/post"}],"author":[{"embeddable":true,"href":"https:\/\/www.europesays.com\/si\/wp-json\/wp\/v2\/users\/2"}],"replies":[{"embeddable":true,"href":"https:\/\/www.europesays.com\/si\/wp-json\/wp\/v2\/comments?post=186665"}],"version-history":[{"count":0,"href":"https:\/\/www.europesays.com\/si\/wp-json\/wp\/v2\/posts\/186665\/revisions"}],"wp:featuredmedia":[{"embeddable":true,"href":"https:\/\/www.europesays.com\/si\/wp-json\/wp\/v2\/media\/186666"}],"wp:attachment":[{"href":"https:\/\/www.europesays.com\/si\/wp-json\/wp\/v2\/media?parent=186665"}],"wp:term":[{"taxonomy":"category","embeddable":true,"href":"https:\/\/www.europesays.com\/si\/wp-json\/wp\/v2\/categories?post=186665"},{"taxonomy":"post_tag","embeddable":true,"href":"https:\/\/www.europesays.com\/si\/wp-json\/wp\/v2\/tags?post=186665"}],"curies":[{"name":"wp","href":"https:\/\/api.w.org\/{rel}","templated":true}]}}