{"id":186997,"date":"2026-08-10T17:18:08","date_gmt":"2026-08-10T17:18:08","guid":{"rendered":"https:\/\/www.europesays.com\/si\/186997\/"},"modified":"2026-08-10T17:18:08","modified_gmt":"2026-08-10T17:18:08","slug":"deset-let-od-olimpijske-medalje-petra-kauzerja-video","status":"publish","type":"post","link":"https:\/\/www.europesays.com\/si\/186997\/","title":{"rendered":"Deset let od olimpijske medalje Petra Kauzerja #video"},"content":{"rendered":"<p>Danes mineva natanko deset let od enega najve\u010djih trenutkov v karieri Petra Kauzerja. Slovenski kajaka\u0161 je na dana\u0161nji dan leta 2016 na olimpijskih igrah v Riu de Janeiru osvojil srebrno medaljo in svoji izjemni karieri dodal tisto, kar mu je do takrat manjkalo.<\/p>\n<p>                    In kako je Petrova mama spremljala olimpijsko\u00a0vo\u017enjo?<\/p>\n<p>Marsikdo bi si te\u017eko predstavljal, da bo desetletje pozneje \u0161e vedno med najbolj\u0161imi. A Kauzer pri 42 letih \u0161e vedno vztraja, \u0161e vedno u\u017eiva v kajaku in \u0161e vedno osvaja najve\u010dje lovorike. Letos je postal celo ekipni svetovni prvak. Pogovarjali smo se z glavnim akterjem zgodbe, ki je trenutno \u0161e nekoliko bolan, a si je ob tem mejniku vseeno vzel nekaj \u010dasa in se spomnil na ta dan pred desetimi leti.<\/p>\n<p><img decoding=\"async\" alt=\"Peter Kauzer Rio 2016 finale | Foto: Reuters\" class=\"article_content__inline_image js_imageLightbox is-clickable\" data-author=\"Reuters\" data-caption=\"\" data-height=\"2023\" data-href=\"https:\/\/siol.net\/media\/img\/95\/13\/abe73e639b4d427c795d-peter-kauzer-rio-2016-finale.jpeg\" data-width=\"3154\" loading=\"lazy\" src=\"\/media\/img\/6f\/f7\/e71483eb2b5059d24f93-peter-kauzer-rio-2016-finale.jpeg\" title=\"Peter Kauzer Rio 2016 finale\"\/><\/p>\n<p> Foto: Reuters <\/p>\n<p>Deset let pozneje so spomini \u0161e vedno \u017eivi<\/p>\n<p>&#8220;Kar naenkrat se jih je obrnilo, pa \u010deprav sta bili vmes \u0161e dve olimpijadi. O\u010ditno gredo po tridesetem letu leta hitreje naokrog (smeh, op. p.). Ampak vseeno, ko malce pomisli\u0161, je vse skupaj \u017ee kar dale\u010d nazaj, spomini pa so \u0161e vedno \u017eivi.&#8221;<\/p>\n<p>Od takrat je minilo deset let in v Kauzerjevem \u017eivljenju se je zgodilo marsikaj. Pri\u0161li so novi uspehi, nove izku\u0161nje in tudi druga\u010den pogled na \u0161portno kariero. A sam pravi, da se kot \u010dlovek ni veliko spremenil. &#8220;Jaz sem ostal isti, ne glede na to, kaj mi je uspelo. Dobil sem malo ve\u010d mirnosti, ker mi je v bistvu res manjkala samo \u0161e ta kolajna z najve\u010djih tekem. Konec koncev, tudi \u010de je ne bi bilo, bi bila moja kariera \u0161e zmeraj fenomenalna, tak\u0161na, kot si nikoli nisem predstavljal, da jo bom imel. Ampak ja, bila bi pa ena \u010drna pika, \u010de ne bi osvojil \u0161e olimpijske kolajne.&#8221;<\/p>\n<p><img decoding=\"async\" alt=\"Peter Kauzer | Foto: Ale\u0161 Fev\u017eer\" class=\"article_content__inline_image js_imageLightbox is-clickable\" data-author=\"Ale\u0161 Fev\u017eer\" data-caption=\"\" data-height=\"800\" data-href=\"https:\/\/siol.net\/media\/images\/2026-30\/icf-tacen-k-1w29.jpg\" data-width=\"1200\" loading=\"lazy\" src=\"\/media\/img\/b3\/13\/97844f824c35296cf1ca-peter-kauzer.jpeg\" title=\"Peter Kauzer\"\/><\/p>\n<p> Foto: Ale\u0161 Fev\u017eer <\/p>\n<p>&#8220;Ni se mi\u00a0treba\u00a0nikomur dokazovati&#8221;<\/p>\n<p>Olimpijske igre so bile v Kauzerjevi karieri vedno eden najve\u010djih ciljev. Danes olimpijsko kolajno \u017ee ima, a mu motivacije ne manjka. \u0160e vedno trenira, tekmuje z najbolj\u0161imi in i\u0161\u010de tisto pravo vo\u017enjo. A kot pravi, ga naprej ne \u017eenejo ve\u010d samo lovorike.<\/p>\n<p>&#8220;Ne bom rekel, da me to dr\u017ei pokonci, ampak preprosto rad delam to, kar delam. V bistvu se mi ni treba nikomur dokazovati. To delam zaradi sebe in iz ljubezni do \u0161porta. Vse, kar pride, me veseli, \u010de ne pride, je tudi prav. Ne treniram samo jaz. Vsi trenirajo zato, da bi bili enkrat najbolj\u0161i. Pride dan, ko ti uspe vo\u017enja tako, kot si \u017eeli\u0161, pride pa tudi dan, ko ti ne uspe, in to mora\u0161 sprejeti. \u010casa \u017eal ne more\u0161 zavrteti nazaj. Je pa res, da se posku\u0161a\u0161 iz tega \u010dim ve\u010d nau\u010diti.&#8221;<\/p>\n<p><img decoding=\"async\" alt=\"Po njegovih stopinjah gre tudi h\u010derka Nola. | Foto: Dru\u0161tvo Biti novinar\" class=\"article_content__inline_image js_imageLightbox is-clickable\" data-author=\"Dru\u0161tvo Biti novinar\" data-caption=\"Po njegovih stopinjah gre tudi h\u010derka Nola.\" data-height=\"723\" data-href=\"https:\/\/siol.net\/media\/images\/2025-09\/kauzer-1.jpg\" data-width=\"1080\" loading=\"lazy\" src=\"\/media\/img\/c3\/37\/357f6adb7c6beb48f8d8-peter-kauzer.jpeg\" title=\"Peter Kauzer\"\/><\/p>\n<p> Po njegovih stopinjah gre tudi h\u010derka Nola.<br \/>\n Foto: Dru\u0161tvo Biti novinar <\/p>\n<p>Pri 42 letih znova na svetovnem vrhu<\/p>\n<p>Da \u0161e zdale\u010d ni za odpis, je Kauzer dokazal tudi letos. S svetovnega prvenstva se je vrnil z novim velikim uspehom in pri svojih 42 letih znova pokazal, da \u0161e vedno spada med najbolj\u0161e, potem ko so v ekipnih vo\u017enjah v kajaku osvojili naslov svetovnega prvaka.<\/p>\n<p>&#8220;Vsakega uspeha se veselim kot otrok. Saj vsi vemo, da nisem ve\u010d med najmlaj\u0161imi, in da ti pri teh letih uspevajo tak\u0161ne stvari \u2026 Ponosen sem na to. Nikoli si nisem predstavljal, da bo tako. Ampak kot sem \u017ee povedal, nikoli nisem imel te\u017eav z motivacijo, ker to, kar delam, delam z ljubeznijo. Ko sem v \u010dolnu, sem povsem v svojem svetu. Zdaj, ko lahko te trenutke delim \u0161e z Nolo (h\u010derka Petra Kauzerja, op. p.), pa je vse skupaj \u0161e toliko lep\u0161e.&#8221;<\/p>\n<p><img decoding=\"async\" alt=\"V svoji karieri je veliko dosegel. | Foto: Guliverimage\" class=\"article_content__inline_image js_imageLightbox is-clickable\" data-author=\"Guliverimage\" data-caption=\"V svoji karieri je veliko dosegel.\" data-height=\"3335\" data-href=\"https:\/\/siol.net\/media\/img\/4b\/20\/0c2becdbb6246ddc41f0-peter-kauzer.jpeg\" data-width=\"5000\" loading=\"lazy\" src=\"\/media\/img\/f6\/c9\/d8fb8126a09dc25b3479-peter-kauzer.jpeg\" title=\"Peter Kauzer\"\/><\/p>\n<p> V svoji karieri je veliko dosegel.<br \/>\n Foto: Guliverimage <\/p>\n<p>Glavni uspehi Hrastni\u010dana<\/p>\n<p>To so le nekateri izmed najve\u010djih uspehov v bogati karieri Petra Kauzerja. Poleg srebrne olimpijske medalje iz Ria de Janeira leta 2016 je dvakrat postal svetovni prvak, dvakrat evropski prvak, trikrat pa je osvojil tudi skupno zmago v svetovnem pokalu.<\/p>\n<p>Fotospomini:<\/p>\n<p>Preberite \u0161e:<\/p>\n","protected":false},"excerpt":{"rendered":"Danes mineva natanko deset let od enega najve\u010djih trenutkov v karieri Petra Kauzerja. Slovenski kajaka\u0161 je na dana\u0161nji&hellip;\n","protected":false},"author":2,"featured_media":186998,"comment_status":"","ping_status":"","sticky":false,"template":"","format":"standard","meta":{"footnotes":"","_share_on_mastodon":"0"},"categories":[16],"tags":[29999,339,25864,16287,62,37,58,60,38,94,93],"class_list":["post-186997","post","type-post","status-publish","format-standard","has-post-thumbnail","category-sport","tag-olimpijska-medalja","tag-olimpijske-igre","tag-peter-kauzer","tag-rio-de-janeiro","tag-si","tag-slovene","tag-slovenia","tag-slovenija","tag-slovenscina","tag-sport","tag-sports"],"share_on_mastodon":{"url":"https:\/\/pubeurope.com\/@si\/117072357165045084","error":""},"_links":{"self":[{"href":"https:\/\/www.europesays.com\/si\/wp-json\/wp\/v2\/posts\/186997","targetHints":{"allow":["GET"]}}],"collection":[{"href":"https:\/\/www.europesays.com\/si\/wp-json\/wp\/v2\/posts"}],"about":[{"href":"https:\/\/www.europesays.com\/si\/wp-json\/wp\/v2\/types\/post"}],"author":[{"embeddable":true,"href":"https:\/\/www.europesays.com\/si\/wp-json\/wp\/v2\/users\/2"}],"replies":[{"embeddable":true,"href":"https:\/\/www.europesays.com\/si\/wp-json\/wp\/v2\/comments?post=186997"}],"version-history":[{"count":0,"href":"https:\/\/www.europesays.com\/si\/wp-json\/wp\/v2\/posts\/186997\/revisions"}],"wp:featuredmedia":[{"embeddable":true,"href":"https:\/\/www.europesays.com\/si\/wp-json\/wp\/v2\/media\/186998"}],"wp:attachment":[{"href":"https:\/\/www.europesays.com\/si\/wp-json\/wp\/v2\/media?parent=186997"}],"wp:term":[{"taxonomy":"category","embeddable":true,"href":"https:\/\/www.europesays.com\/si\/wp-json\/wp\/v2\/categories?post=186997"},{"taxonomy":"post_tag","embeddable":true,"href":"https:\/\/www.europesays.com\/si\/wp-json\/wp\/v2\/tags?post=186997"}],"curies":[{"name":"wp","href":"https:\/\/api.w.org\/{rel}","templated":true}]}}