{"id":187011,"date":"2026-08-10T17:39:08","date_gmt":"2026-08-10T17:39:08","guid":{"rendered":"https:\/\/www.europesays.com\/si\/187011\/"},"modified":"2026-08-10T17:39:08","modified_gmt":"2026-08-10T17:39:08","slug":"luka-doncic-v-ljubljani-ujet-v-prisrcnih-trenutkih-s-hcerko-gabrielo","status":"publish","type":"post","link":"https:\/\/www.europesays.com\/si\/187011\/","title":{"rendered":"Luka Don\u010di\u0107 v Ljubljani ujet v prisr\u010dnih trenutkih s h\u010derko Gabrielo"},"content":{"rendered":"<p>Luka Don\u010di\u0107 je na dru\u017ebenih omre\u017ejih s svojimi sledilci delil nekaj utrinkov pre\u017eivljanja \u010dasa s h\u010derko Gabrielo v Ljubljani. Kot je razvidno, je bila starej\u0161a h\u010di z njim najprej v fitnesu, nato pa sta skupaj obiskala \u0161e ljubljanski \u017eivalski vrt.<\/p>\n<p>Ko\u0161arkarski zvezdnik je dan v slovenski prestolnici pre\u017eivel v dru\u017ebi starej\u0161e h\u010derke Gabriele, ki bo proti koncu leto\u0161njega leta dopolnila tri leta. Skupaj z nekdanjo partnerko Anamario Goltes ima tudi h\u010der Olivio, rojeno decembra lani.<\/p>\n<p>Don\u010di\u0107 je z Gabrielo najprej obiskal fitnes v sredi\u0161\u010du Ljubljane, nato pa sta se odpravila \u0161e v \u017divalski vrt Ljubljana. Prisr\u010dni fotografiji je delil na dru\u017ebenem omre\u017eju Instagram, ti pa sta pritegnili veliko pozornosti njegovih sledilcev. V fitnesu sta fotografirana na tekalni stezi, v \u017eivalskem vrtu pa je Don\u010di\u0107 h\u010der fotografiral, medtem ko si ogleduje tamkaj\u0161nje surikate. V rokah dr\u017ei balon v obliki pikapolonice, fotografijo pa je pospremil z emotikonoma srca in pikapolonice.<\/p>\n<p>Preberite tudi:\u00a0<\/p>\n","protected":false},"excerpt":{"rendered":"Luka Don\u010di\u0107 je na dru\u017ebenih omre\u017ejih s svojimi sledilci delil nekaj utrinkov pre\u017eivljanja \u010dasa s h\u010derko Gabrielo v&hellip;\n","protected":false},"author":2,"featured_media":187012,"comment_status":"","ping_status":"","sticky":false,"template":"","format":"standard","meta":{"footnotes":"","_share_on_mastodon":"0"},"categories":[16],"tags":[46508,771,344,342,21288,62,37,58,60,38,94,93],"class_list":["post-187011","post","type-post","status-publish","format-standard","has-post-thumbnail","category-sport","tag-gabriela-doncic","tag-hcerka","tag-kosarka","tag-luka-doncic","tag-prosti-cas","tag-si","tag-slovene","tag-slovenia","tag-slovenija","tag-slovenscina","tag-sport","tag-sports"],"share_on_mastodon":{"url":"https:\/\/pubeurope.com\/@si\/117072439714003006","error":""},"_links":{"self":[{"href":"https:\/\/www.europesays.com\/si\/wp-json\/wp\/v2\/posts\/187011","targetHints":{"allow":["GET"]}}],"collection":[{"href":"https:\/\/www.europesays.com\/si\/wp-json\/wp\/v2\/posts"}],"about":[{"href":"https:\/\/www.europesays.com\/si\/wp-json\/wp\/v2\/types\/post"}],"author":[{"embeddable":true,"href":"https:\/\/www.europesays.com\/si\/wp-json\/wp\/v2\/users\/2"}],"replies":[{"embeddable":true,"href":"https:\/\/www.europesays.com\/si\/wp-json\/wp\/v2\/comments?post=187011"}],"version-history":[{"count":0,"href":"https:\/\/www.europesays.com\/si\/wp-json\/wp\/v2\/posts\/187011\/revisions"}],"wp:featuredmedia":[{"embeddable":true,"href":"https:\/\/www.europesays.com\/si\/wp-json\/wp\/v2\/media\/187012"}],"wp:attachment":[{"href":"https:\/\/www.europesays.com\/si\/wp-json\/wp\/v2\/media?parent=187011"}],"wp:term":[{"taxonomy":"category","embeddable":true,"href":"https:\/\/www.europesays.com\/si\/wp-json\/wp\/v2\/categories?post=187011"},{"taxonomy":"post_tag","embeddable":true,"href":"https:\/\/www.europesays.com\/si\/wp-json\/wp\/v2\/tags?post=187011"}],"curies":[{"name":"wp","href":"https:\/\/api.w.org\/{rel}","templated":true}]}}