{"id":188244,"date":"2026-08-12T01:12:16","date_gmt":"2026-08-12T01:12:16","guid":{"rendered":"https:\/\/www.europesays.com\/si\/188244\/"},"modified":"2026-08-12T01:12:16","modified_gmt":"2026-08-12T01:12:16","slug":"glave-evropski-prvak-na-100-m-jacobs-osmoljenec-finala","status":"publish","type":"post","link":"https:\/\/www.europesays.com\/si\/188244\/","title":{"rendered":"Glave evropski prvak na 100 m, Jacobs osmoljenec finala"},"content":{"rendered":"<p>\t\t\t\t\t\t\t\t<a href=\"https:\/\/www.europesays.com\/si\/wp-content\/uploads\/2026\/08\/67067007.jpg\" itemprop=\"contentUrl\" data-size=\"1200x800\" data-large=\"https:\/\/www.europesays.com\/si\/wp-content\/uploads\/2026\/08\/67067007.jpg\"><br \/>\n\t\t\t\t\t\t\t\t\t<img decoding=\"async\" src=\"https:\/\/www.europesays.com\/si\/wp-content\/uploads\/2026\/08\/67067007.jpg\" title=\"Rommel Glave je evropski prvak na 100 m. Foto: Reuters\" alt=\"Rommel Glave je evropski prvak na 100 m. Foto: Reuters\"\/><br \/>\n\t\t\t\t\t\t\t\t<\/a><\/p>\n<p>\t\t\t\t\t\t\t\t\tRommel Glave je evropski prvak na 100 m. Foto: Reuters<\/p>\n<p>\t\t\t\t\t\t\t<a id=\"preferredSourceBanner\" href=\"https:\/\/www.rtvslo.si\/sport\/atletika\/evropsko-prvenstvo-v-atletiki\/glave-evropski-prvak-na-100-m-jacobs-osmoljenec-finala\/javascript:void(0)\" target=\"_blank\" class=\"d-none align-items-center justify-content-between rounded my-3\" style=\"padding: 10px 15px;\" rel=\"nofollow noopener\"><br \/>\n\t\t\t\t\t\t<img decoding=\"async\" src=\"https:\/\/img.rtvslo.si\/_static\/novi\/img\/ico-google.svg\" class=\"flex-shrink-0 mr-3\" aria-hidden=\"true\"\/><br \/>\n\t\t\t\t\t\tSpremljajte RTVSLO.si kot prednostni vir na Google<\/p>\n<p>\t\t\t\t\t<\/a><\/p>\n<p>Glave, rojen na Jamajki, je zmagal s \u010dasom 10,09, medtem ko je svetovni prvak v dvorani na 60 metrov Jeremiah Azu, prav tako Britanec, osvojil srebro s \u010dasom 10,16 sekunde. Nemec Owen Ansah, ki se soo\u010da z zahtevo nacionalne protidopin\u0161ke agencije po \u0161tiriletni prepovedi nastopanja zaradi izogibanja dopin\u0161kemu testu, je osvojil bron z 10,19.<\/p>\n<p>Oglas<\/p>\n<p>\t\t\t\t\t\t\t\t<a href=\"https:\/\/www.europesays.com\/si\/wp-content\/uploads\/2026\/08\/67067009.jpg\" itemprop=\"contentUrl\" data-size=\"1200x800\" data-large=\"https:\/\/www.europesays.com\/si\/wp-content\/uploads\/2026\/08\/67067009.jpg\"><br \/>\n\t\t\t\t\t\t\t\t\t<img decoding=\"async\" src=\"https:\/\/www.europesays.com\/si\/wp-content\/uploads\/2026\/08\/67067009.jpg\" title=\"Marcell Jacobs je \u017ee med ogrevanjem \u010dutil bole\u010dino, v finalu pa ni zdr\u017eal. Kako resna je po\u0161kodba, \u0161e ni znano. Foto: Reuters\" alt=\"Marcell Jacobs je \u017ee med ogrevanjem \u010dutil bole\u010dino, v finalu pa ni zdr\u017eal. Kako resna je po\u0161kodba, \u0161e ni znano. Foto: Reuters\"\/><br \/>\n\t\t\t\t\t\t\t\t<\/a><\/p>\n<p>\t\t\t\t\t\t\t\t\tMarcell Jacobs je \u017ee med ogrevanjem \u010dutil bole\u010dino, v finalu pa ni zdr\u017eal. Kako resna je po\u0161kodba, \u0161e ni znano. Foto: Reuters<\/p>\n<p>Jacobs, dobitnik zlate medalje na olimpijskih igrah v Tokiu, je v tekmo vstopil kot favorit, a je imel slab \u0161tart. Po pribli\u017eno 50 metrih je nenadoma upo\u010dasnil in o\u010ditno ponovno po\u0161kodovan (te\u017eave z mi\u0161ico) kon\u010dal \u0161ele sedmi z zaostankom ve\u010d kot dveh sekund.<\/p>\n<p>&#8220;Vedel sem, da lahko znova zmagam, saj sem se dobro po\u010dutil. Ne bom obupal, vrnil se bom k delu in nadaljeval. Jutri zjutraj bomo ocenili resnost po\u0161kodbe in se nato odlo\u010dili, kako naprej. Razo\u010daran sem, a \u010dasa ne morem zavrteti nazaj. Ne more\u0161 predvideti, kaj se bo zgodilo s telesom. To je le \u0161e ena lekcija v moji \u0161portni karieri \u2013 tak\u0161na, ki se je pa\u010d morala zgoditi,&#8221; je po neposre\u010denem nastopu v finalu dejal Jacobs.<\/p>\n<p>\t\t\t\tMo\u0161ki finale na 100 m<\/p>\n<p>Miltiadis Tentoglu iz Gr\u010dije je s 8,44 m \u0161e \u010detrti\u010d v nizu zmagal v skoku v daljino na prvenstvih stare celine, na katerih olimpijski zmagovalec iz Tokia in Pariza kraljuje \u017ee od leta 2018. Drugi je bil nekdanji \u0161vicarski mnogobojec Simon Ehammer (8,29 m), tretji Bolgar Bo\u017eidar Sarabojukov (8,26 m).<\/p>\n<p>\t\t\t\t\t\t\t\t<a href=\"https:\/\/www.europesays.com\/si\/wp-content\/uploads\/2026\/08\/67067008.jpg\" itemprop=\"contentUrl\" data-size=\"1200x800\" data-large=\"https:\/\/www.europesays.com\/si\/wp-content\/uploads\/2026\/08\/67067008.jpg\"><br \/>\n\t\t\t\t\t\t\t\t\t<img decoding=\"async\" src=\"https:\/\/www.europesays.com\/si\/wp-content\/uploads\/2026\/08\/67067008.jpg\" title=\"Mitliadis Tentoglu. Foto: Reuters\" alt=\"Mitliadis Tentoglu. Foto: Reuters\"\/><br \/>\n\t\t\t\t\t\t\t\t<\/a><\/p>\n<p>\t\t\t\t\t\t\t\t\tMitliadis Tentoglu. Foto: Reuters<\/p>\n<p>V teku na 100 m ovire je o zmagovalki odlo\u010dala tiso\u010dinka, saj sta Nizozemka Nadine Visser in Poljakinja Pia Skrzyszowska tekli 12,67. Tretja je bila Francozinja Laeticia Bapte (12,73).<\/p>\n<p>\t\t\t\t\u017denski finale na 100 m z ovirami<\/p>\n<p>26-letna Italijanka Nadia Battocletti je ubranila naslov na 5000 m po fini\u0161u v zadnjem krogu (15:37,84), z bronom je italijanski uspeh dopolnila Micol Majori (15:40,65). Med njima je bila \u0160panka Marta Garcia (15:39,98).<\/p>\n<p>\t\t\t\tZaklju\u010dek finala na 5000 m (\u017d)<\/p>\n<p>Zlato v metu kladiva je osvojil olimpijski podprvak Bence Halasz iz Mad\u017earske z izjemnim metom, dolgim 84,25 metra, kar je izid sezone na svetu. Drugi je bil Nemec Merlin Hummel s 81,30 m, medtem ko si je Ukrajinec Mihajlo Kohan z 79,49 m zagotovil bron. Branilec naslova, Poljak Wojciech Nowicki, se ni prebil iz kvalifikacij.<\/p>\n<p>\t\t\t\t\t\t\t\t<a href=\"https:\/\/www.europesays.com\/si\/wp-content\/uploads\/2026\/08\/67066996.jpg\" itemprop=\"contentUrl\" data-size=\"1200x800\" data-large=\"https:\/\/www.europesays.com\/si\/wp-content\/uploads\/2026\/08\/67066996.jpg\"><br \/>\n\t\t\t\t\t\t\t\t\t<img decoding=\"async\" src=\"https:\/\/www.europesays.com\/si\/wp-content\/uploads\/2026\/08\/67066996.jpg\" title=\"Bence Halasz je bil najbolj\u0161i v metu kladiva. Foto: Reuters\" alt=\"Bence Halasz je bil najbolj\u0161i v metu kladiva. Foto: Reuters\"\/><br \/>\n\t\t\t\t\t\t\t\t<\/a><\/p>\n<p>\t\t\t\t\t\t\t\t\tBence Halasz je bil najbolj\u0161i v metu kladiva. Foto: Reuters<\/p>\n<p>27. EVROPSKO PRVENSTVO <br \/>BIRMINGHAM, kon\u010dne odlo\u010ditve 2. dne<\/p>\n<p>1. R. GLAVE    VB 10,09<br \/>\n2. J. AZU         VB 10,16<br \/>\n3. O. ANSAH  NEM 10,19100 m ovire (\u017d):<br \/>\n 1. N. VISSER          NIZ       12,67<br \/>\n 2. P. SKRZYSZOWSKA    POL       12,67<br \/>\n 3. L. BAPTE           FRA       12,73Kladivo (M):<br \/>\n 1. B. HALASZ        MAD         84,25<br \/>\n 2. M. HUMMEL        NEM         81,30<br \/>\n 3. M. KOKHAN        UKR         79,49 Daljina (M):<br \/>\n 1. M. TENTOGLOU       GR\u010c        8,44<br \/>\n 2. S. EHAMMER         \u0160VI        8,29<br \/>\n 3. B. SARABOYUKOV     BOL        8,26 5000 m (\u017d):<br \/>\n 1. N. BATTOCLETTI   ITA      15:37,84<br \/>\n 2. M. GARCIA        \u0160PA      15:39,98<br \/>\n 3. M. MAJORI        ITA      15:40,65<\/p>\n<p>Oglas<\/p>\n","protected":false},"excerpt":{"rendered":"Rommel Glave je evropski prvak na 100 m. Foto: Reuters Spremljajte RTVSLO.si kot prednostni vir na Google Glave,&hellip;\n","protected":false},"author":2,"featured_media":188245,"comment_status":"","ping_status":"","sticky":false,"template":"","format":"standard","meta":{"footnotes":"","_share_on_mastodon":"0"},"categories":[16],"tags":[25356,247,33252,62,37,58,60,38,94,93],"class_list":["post-188244","post","type-post","status-publish","format-standard","has-post-thumbnail","category-sport","tag-2-dan","tag-atletika","tag-ep","tag-si","tag-slovene","tag-slovenia","tag-slovenija","tag-slovenscina","tag-sport","tag-sports"],"share_on_mastodon":{"url":"https:\/\/pubeurope.com\/@si\/117079883590015255","error":""},"_links":{"self":[{"href":"https:\/\/www.europesays.com\/si\/wp-json\/wp\/v2\/posts\/188244","targetHints":{"allow":["GET"]}}],"collection":[{"href":"https:\/\/www.europesays.com\/si\/wp-json\/wp\/v2\/posts"}],"about":[{"href":"https:\/\/www.europesays.com\/si\/wp-json\/wp\/v2\/types\/post"}],"author":[{"embeddable":true,"href":"https:\/\/www.europesays.com\/si\/wp-json\/wp\/v2\/users\/2"}],"replies":[{"embeddable":true,"href":"https:\/\/www.europesays.com\/si\/wp-json\/wp\/v2\/comments?post=188244"}],"version-history":[{"count":0,"href":"https:\/\/www.europesays.com\/si\/wp-json\/wp\/v2\/posts\/188244\/revisions"}],"wp:featuredmedia":[{"embeddable":true,"href":"https:\/\/www.europesays.com\/si\/wp-json\/wp\/v2\/media\/188245"}],"wp:attachment":[{"href":"https:\/\/www.europesays.com\/si\/wp-json\/wp\/v2\/media?parent=188244"}],"wp:term":[{"taxonomy":"category","embeddable":true,"href":"https:\/\/www.europesays.com\/si\/wp-json\/wp\/v2\/categories?post=188244"},{"taxonomy":"post_tag","embeddable":true,"href":"https:\/\/www.europesays.com\/si\/wp-json\/wp\/v2\/tags?post=188244"}],"curies":[{"name":"wp","href":"https:\/\/api.w.org\/{rel}","templated":true}]}}