{"id":189166,"date":"2026-08-12T17:59:09","date_gmt":"2026-08-12T17:59:09","guid":{"rendered":"https:\/\/www.europesays.com\/si\/189166\/"},"modified":"2026-08-12T17:59:09","modified_gmt":"2026-08-12T17:59:09","slug":"vlak-ki-je-drvel-z-230-km-h-nemski-izum-je-pred-90-leti-osupnil-svet-in-izginil","status":"publish","type":"post","link":"https:\/\/www.europesays.com\/si\/189166\/","title":{"rendered":"Vlak, ki je drvel z 230 km\/h: nem\u0161ki izum je pred 90 leti osupnil svet in \u2013 izginil"},"content":{"rendered":"<p>        <img decoding=\"async\" data-lb-desktop=\"\/media\/2026\/08\/12\/853806\/Orig-profimedia-0677683302-1200.webp\" data-lb-mobile=\"\/media\/2026\/08\/12\/853806\/Orig-profimedia-0677683302-600.webp\" class=\"se-image__thumb\" src=\"https:\/\/www.europesays.com\/si\/wp-content\/uploads\/2026\/08\/Wide-profimedia-0677683302-400.webp\" onclick=\"changeMainImage(this)\"\/><\/p>\n<p>        <img decoding=\"async\" data-lb-desktop=\"\/media\/2026\/08\/12\/853807\/Orig-profimedia-0677683950-1200.webp\" data-lb-mobile=\"\/media\/2026\/08\/12\/853807\/Orig-profimedia-0677683950-600.webp\" class=\"se-image__thumb\" src=\"https:\/\/www.europesays.com\/si\/wp-content\/uploads\/2026\/08\/Wide-profimedia-0677683950-400.webp\" onclick=\"changeMainImage(this)\"\/><\/p>\n<p>    <img decoding=\"async\" data-lb-desktop=\"\/media\/2026\/08\/12\/853806\/Orig-profimedia-0677683302-1200.webp\" data-lb-mobile=\"\/media\/2026\/08\/12\/853806\/Orig-profimedia-0677683302-600.webp\" class=\"main-gallery-image se_image_lb\" src=\"https:\/\/www.europesays.com\/si\/wp-content\/uploads\/2026\/08\/Wide-profimedia-0677683302-1000.webp\" alt=\"Schienenzeppelin. Foto: Profimedia\"\/><\/p>\n<p>Za edinstvenim projektom je stal in\u017eenir in vizionar Franz Kruckenberg. Foto: Profimedia<\/p>\n<p>Vlak, ki je drvel z 230 km\/h: nem\u0161ki izum je pred 90 leti osupnil svet in \u2013 izginil<\/p>\n<p>V turbulentnem obdobju med obema svetovnima vojnama, ko so se meje tehnologije premikale z neverjetno hitrostjo, se je na nem\u0161kih tirih pojavil stroj, ki je bolj spominjal na znanstveno fantastiko kot na vlak. Zamisel, da bi potni\u0161ki vagon po tirih poganjal ogromen letalski propeler s hitrostjo, ki presega 230 kilometrov na uro, se \u0161e danes zdi drzna. A to ni bila le fantazija. 21. junija 1931 je Schienenzeppelin, legendarni \u00bbcepelin na tirih\u00ab, s svojo futuristi\u010dno podobo zarezal v zgodovino in postavil svetovni hitrostni rekord, ki je ostal neprese\u017een ve\u010d kot dve desetletji.<\/p>\n<p>Za tem edinstvenim in drznim projektom je stal nem\u0161ki in\u017eenir ter vizionar Franz Kruckenberg. Izku\u0161nje, ki si jih je nabiral med prvo svetovno vojno kot na\u010drtovalec voja\u0161kih letal, so ga prepri\u010dale, da prihodnost transporta le\u017ei v aerodinamiki in lahki gradnji. Vendar je bil skepti\u010den do takratnih prevoznih sredstev. Letala so se mu zdela predraga in preve\u010d odvisna od vremenskih razmer za mno\u017ei\u010dno civilno uporabo, medtem ko zra\u010dnim ladjam, ki so jih polnili z lahko vnetljivim vodikom, ni zaupal. Svojo vizijo hitrega, u\u010dinkovitega in varnega prevoza je zato preusmeril v\u00a0na videz najbolj tradicionalno podro\u010dje \u2013 \u017eeleznico.<\/p>\n<p>Njegov neposredni navdih je bil ruski Aerovagon, eksperimentalno tirno vozilo z letalskim motorjem, namenjeno prevozu sovjetskih uradnikov. Vendar se je zgodba Aerovagona kon\u010dala tragi\u010dno. Leta 1921 se je med testno vo\u017enjo iztiril, v nesre\u010di pa je umrlo \u0161est ljudi, vklju\u010dno z njegovim izumiteljem Valerianom Abakovskim. Kruckenberg je bil odlo\u010den, da se iz te tragedije nau\u010di in izbolj\u0161a zasnovo. Povezal se je z uglednim in\u017eenirjem Hermannom F\u00f6ttingerjem in skupaj sta ustanovila podjetje z zgovornim imenom Flugbahn-Gesellschaft mbH (Dru\u017eba za tirno letenje) s ciljem ustvariti popolno sintezo letalske in \u017eelezni\u0161ke tehnologije.<\/p>\n<p>        <img decoding=\"async\" data-lb-desktop=\"\/media\/2026\/08\/12\/853807\/Orig-profimedia-0677683950-1200.webp\" data-lb-mobile=\"\/media\/2026\/08\/12\/853807\/Orig-profimedia-0677683950-600.webp\" class=\"se_image se_image_lb\" src=\"https:\/\/www.europesays.com\/si\/wp-content\/uploads\/2026\/08\/Orig-profimedia-0677683950-1000.webp\" alt=\"Schienenzeppelin. Foto: Profimedia\"\/><\/p>\n<p>21. junija 1931 je Schienenzeppelin na idealno ravnem odseku proge med Berlinom in Hamburgom\u00a0dosegel osupljivo hitrost 230,2 kilometra na uro. Foto: Profimedia<\/p>\n<p>Tehnolo\u0161ki \u010dude\u017e iz aluminija in lesa<\/p>\n<p>Prototip, ki so ga zgradili leta 1930 v Hannovru, je bil tehnolo\u0161ki \u010dude\u017e svojega \u010dasa. Njegova elegantna, aerodinami\u010dna karoserija iz lahkega aluminija, dolga 25,85 metra, je mo\u010dno spominjala na trup zra\u010dne ladje, po kateri je dobil ime. Zaradi uporabe letalskih materialov je celoten vlak tehtal le 20,3 tone, kar je bilo peresno lahko v primerjavi s te\u017ekimi parnimi lokomotivami tistega obdobja. Za pogon je skrbel mogo\u010den dvanajstvaljni \u200bletalski motor BMW z mo\u010djo 600 konjskih mo\u010di, ki je na zadku vrtel sprva dvokraki, pozneje pa \u0161tirikraki propeler iz jesenovega lesa. Notranjost je bila zasnovana v minimalisti\u010dnem slogu Bauhausa \u2013 funkcionalna in brez nepotrebnega okrasja, s prostorom za do 40 potnikov.<\/p>\n<p>Po seriji uspe\u0161nih testiranj je napo\u010dil zgodovinski dan. 21. junija 1931 je Schienenzeppelin na idealno ravnem odseku proge med Berlinom in Hamburgom, natan\u010dneje med krajema Karst\u00e4dt in Dergenthin, dosegel osupljivo hitrost 230,2 kilometra na uro. S tem podvigom ni le osupnil javnosti, ampak je postavil nov uradni svetovni \u017eelezni\u0161ki hitrostni rekord. Ta mejnik je ostal nedotaknjen vse do leta 1954, ko ga je presegel francoski elektri\u010dni vlak. Rekord za bencinsko gnana tirna vozila pa, predvsem po zaslugi izjemno nizke te\u017ee in mo\u010dnega motorja, dr\u017ei \u0161e danes.<\/p>\n<p>Nevarne pomanjkljivosti in tehni\u010dne omejitve<\/p>\n<p>A kljub izjemni hitrosti in tehnolo\u0161ki dovr\u0161enosti je imel koncept usodne pomanjkljivosti, ki so prepre\u010dile njegovo komercialno uporabo. Ogromen, odprt propeler na zadku je predstavljal smrtno nevarnost za \u010dakajo\u010de potnike in osebje na postajah. Njegova zasnova mu ni omogo\u010dala vleke dodatnih vagonov, kar je pomenilo izjemno majhno kapaciteto in ekonomsko neupravi\u010denost za mno\u017ei\u010dni prevoz. Poleg tega je bila vzvratna vo\u017enja tehni\u010dno izjemno zapletena, saj propeler ni bil zasnovan za delovanje v obratni smeri. Na strmej\u0161ih klancih je zaradi pomanjkanja oprijema koles izgubljal mo\u010d, mo\u010dan zra\u010dni tok propelerja pa je med vo\u017enjo razmetal gramoz s cesti\u0161\u010da ter ogro\u017eal varnost tirov.<\/p>\n<p>Kruckenberg se ni predal zlahka. V upanju, da bo re\u0161il projekt, je leta 1932 vozilo korenito predelal. Odstranil je ikoni\u010dni, a neprakti\u010dni propeler ter ga nadomestil s hidravli\u010dnim prenosom mo\u010di na kolesa. S tem je re\u0161il te\u017eave z vzvratno vo\u017enjo in varnostjo, a je najvi\u0161ja hitrost padla na sicer \u0161e vedno zavidljivih 180 kilometrov na uro. Vendar je bilo prepozno. So\u010dasno so pri dr\u017eavni \u017eeleznici Deutsche Reichsbahn razvili svoj lastni adut za hitri promet \u2013 dizelski vlak \u00bbLete\u010di Hambur\u017ean\u00ab (Fliegender Hamburger). Ta je bil sicer po\u010dasnej\u0161i, a neprimerno bolj prakti\u010den, varnej\u0161i in ekonomi\u010den, zato je hitro postal hrbtenica nem\u0161kega hitrega omre\u017eja.<\/p>\n<p>Kruti konec pionirskega projekta<\/p>\n<p>Usoda cepelina na tirih je bila zape\u010datena. Leta 1934 so ga pri Reichsbahnu odkupili za simboli\u010dnih 10.000 mark, a ga nikoli ve\u010d niso uporabili za testiranja ali vo\u017enje. Pet let pozneje, marca 1939, le nekaj mesecev pred za\u010detkom druge svetovne vojne, so ga dokon\u010dno razstavili. Njegova lahka aluminijasta konstrukcija je namre\u010d postala dragocena surovina zaradi bli\u017eajo\u010dih\u00a0se spopadov.<\/p>\n","protected":false},"excerpt":{"rendered":"Za edinstvenim projektom je stal in\u017eenir in vizionar Franz Kruckenberg. Foto: Profimedia Vlak, ki je drvel z 230&hellip;\n","protected":false},"author":2,"featured_media":189167,"comment_status":"","ping_status":"","sticky":false,"template":"","format":"standard","meta":{"footnotes":"","_share_on_mastodon":"0"},"categories":[20],"tags":[25221,47552,47546,32,47549,47551,35,47550,31,34,36,47547,37,38,7756,33,36904,47548],"class_list":["post-189166","post","type-post","status-publish","format-standard","has-post-thumbnail","category-novice","tag-aerodinamika","tag-bauhaus-dizajn","tag-franz-kruckenberg","tag-headlines","tag-inovacije-v-transportu","tag-letalski-motorji","tag-najpomembnejse-novice","tag-nemski-inzenirji","tag-news","tag-novice","tag-osrednje-novice","tag-schienenzeppelin","tag-slovene","tag-slovenscina","tag-tehnoloski-napredek","tag-top-stories","tag-zelezniski-transport","tag-zgodovina-zeleznice"],"share_on_mastodon":{"url":"https:\/\/pubeurope.com\/@si\/117083843339559060","error":""},"_links":{"self":[{"href":"https:\/\/www.europesays.com\/si\/wp-json\/wp\/v2\/posts\/189166","targetHints":{"allow":["GET"]}}],"collection":[{"href":"https:\/\/www.europesays.com\/si\/wp-json\/wp\/v2\/posts"}],"about":[{"href":"https:\/\/www.europesays.com\/si\/wp-json\/wp\/v2\/types\/post"}],"author":[{"embeddable":true,"href":"https:\/\/www.europesays.com\/si\/wp-json\/wp\/v2\/users\/2"}],"replies":[{"embeddable":true,"href":"https:\/\/www.europesays.com\/si\/wp-json\/wp\/v2\/comments?post=189166"}],"version-history":[{"count":0,"href":"https:\/\/www.europesays.com\/si\/wp-json\/wp\/v2\/posts\/189166\/revisions"}],"wp:featuredmedia":[{"embeddable":true,"href":"https:\/\/www.europesays.com\/si\/wp-json\/wp\/v2\/media\/189167"}],"wp:attachment":[{"href":"https:\/\/www.europesays.com\/si\/wp-json\/wp\/v2\/media?parent=189166"}],"wp:term":[{"taxonomy":"category","embeddable":true,"href":"https:\/\/www.europesays.com\/si\/wp-json\/wp\/v2\/categories?post=189166"},{"taxonomy":"post_tag","embeddable":true,"href":"https:\/\/www.europesays.com\/si\/wp-json\/wp\/v2\/tags?post=189166"}],"curies":[{"name":"wp","href":"https:\/\/api.w.org\/{rel}","templated":true}]}}