{"id":189582,"date":"2026-08-13T05:28:08","date_gmt":"2026-08-13T05:28:08","guid":{"rendered":"https:\/\/www.europesays.com\/si\/189582\/"},"modified":"2026-08-13T05:28:08","modified_gmt":"2026-08-13T05:28:08","slug":"draga-televizija-ali-tvs-sme-oglasevati-prehranska-dopolnila-zakaj-nihce-ni-prenasal-rokometne-tekme-u-18","status":"publish","type":"post","link":"https:\/\/www.europesays.com\/si\/189582\/","title":{"rendered":"Draga televizija, ali TVS sme ogla\u0161evati prehranska dopolnila? Zakaj nih\u010de ni prena\u0161al rokometne tekme U-18?"},"content":{"rendered":"<p>Televiziji Slovenija<\/p>\n<p>Zasledil sem, da je voditelj na va\u0161i televiziji, zdravnik David Zupan\u010di\u010d, izrazil nezadovoljstvo nad tem, da na TVS \u0161e vedno predvajate oglasne bloke za podjetje, ki tr\u017ei prehranska dopolnila, in to kljub dejstvu, da je bilo \u017ee ve\u010dkrat oglobljeno zaradi zavajanja v svojih oglasih. Zanima me, kako to, da te reklame \u0161e vedno predvajate. In kak\u0161na so va\u0161a pravila, kdaj bi jih zavrnili?<\/p>\n<p>Miha po elektronski po\u0161ti<\/p>\n<p>Televizija Slovenija odgovarja<\/p>\n<p>Ogla\u0161evanje na RTV Slovenija je strogo zakonsko urejeno in jasno lo\u010deno od programskih vsebin. Oglase pregleduje pristojna slu\u017eba za tr\u017eenje; oglase, ki ne ustrezajo predpisanim merilom, zavrnemo oziroma ogla\u0161evalce pozovemo k ustreznim spremembam.<\/p>\n<p>Prihodki od ogla\u0161evanja so eden od zakonsko predvidenih virov financiranja RTV Slovenija. Pomagajo nam ohranjati sedanji obseg javne slu\u017ebe in ustvarjati ve\u010d kakovostnih programskih vsebin.<\/p>\n<p>Slu\u017eba za komuniciranje RTV Slovenija<\/p>\n<p><img decoding=\"async\" class=\"article__img-tag-visible\" src=\"https:\/\/www.europesays.com\/si\/wp-content\/uploads\/2026\/08\/3700068.width-660.format-webp.webp\" alt=\"Slovenija je osvojila srebrno kolajno. FOTO: RZS.\" img_id=\"14999542\" data-img-id=\"14999542\"\/><\/p>\n<p>Slovenija je osvojila srebrno kolajno. FOTO: RZS.<\/p>\n<p>Vsem televizijam<\/p>\n<p>Nikakor ne morem razumeti, da se niti enemu od vseh mogo\u010dih kanalov ni zdelo vredno, da bi zagotovil prenos finalne rokometne tekme U-18 med Slovenijo in Nem\u010dijo, ki je bila v nedeljo, 9.\u00a0avgusta. Razumem, da se pravice za \u0161portne dogodke pla\u010dujejo vnaprej, ampak \u0160port TV je s prenosom finala ko\u0161arkarskega prvenstva mladincev pred tednom dokazal, da se da, \u010de se ho\u010de. \u010ceprav so to \u00bbsamo\u00ab mladinci, je to vseeno reprezentanca Slovenije, ki se je borila za zlato kolajno na evropskem prvenstvu. Velika \u010drna pika za vse.<\/p>\n<p>Denis iz Ljubljane<\/p>\n<p><img decoding=\"async\" class=\"article__img-tag-visible\" src=\"https:\/\/www.europesays.com\/si\/wp-content\/uploads\/2026\/08\/3700247.width-660.format-webp.webp\" alt=\"Intervju. FOTO: press.\" img_id=\"14999532\" data-img-id=\"14999532\"\/><\/p>\n<p>Intervju. FOTO: press.<\/p>\n<p>Televiziji Slovenija<\/p>\n<p>Hvala TVS, voditelju oddaje Intervju Janku Petrovcu in gostji Andreini Trusgnach za pogovor, ki pobo\u017ea du\u0161o in srce. Intervju v nedeljo, 2. avgusta, je bil izjemen.<\/p>\n<p>Tatjana iz Ljubljane<\/p>\n<p>Ali berete prilogo Vikend? Radi bi sli\u0161ali va\u0161e mnenje o Vikendu. Sodelujte v \u017erebu za pametni televizor Hisense in druge bogate nagrade.\u00a0Link do ankete najdete <a href=\"https:\/\/www.oneclicksurvey.com\/a\/f3278c43\" target=\"_blank\" rel=\"nofollow noopener\">tukaj<\/a>.\u00a0<\/p>\n","protected":false},"excerpt":{"rendered":"Televiziji Slovenija Zasledil sem, da je voditelj na va\u0161i televiziji, zdravnik David Zupan\u010di\u010d, izrazil nezadovoljstvo nad tem, da&hellip;\n","protected":false},"author":2,"featured_media":189583,"comment_status":"","ping_status":"","sticky":false,"template":"","format":"standard","meta":{"footnotes":"","_share_on_mastodon":"0"},"categories":[12],"tags":[15707,19863,301,62,37,58,60,38,89,90],"class_list":["post-189582","post","type-post","status-publish","format-standard","has-post-thumbnail","category-tehnologija","tag-david-zupancic","tag-draga-televizija","tag-rokomet","tag-si","tag-slovene","tag-slovenia","tag-slovenija","tag-slovenscina","tag-technology","tag-tehnologija"],"share_on_mastodon":{"url":"https:\/\/pubeurope.com\/@si\/117086552454064563","error":""},"_links":{"self":[{"href":"https:\/\/www.europesays.com\/si\/wp-json\/wp\/v2\/posts\/189582","targetHints":{"allow":["GET"]}}],"collection":[{"href":"https:\/\/www.europesays.com\/si\/wp-json\/wp\/v2\/posts"}],"about":[{"href":"https:\/\/www.europesays.com\/si\/wp-json\/wp\/v2\/types\/post"}],"author":[{"embeddable":true,"href":"https:\/\/www.europesays.com\/si\/wp-json\/wp\/v2\/users\/2"}],"replies":[{"embeddable":true,"href":"https:\/\/www.europesays.com\/si\/wp-json\/wp\/v2\/comments?post=189582"}],"version-history":[{"count":0,"href":"https:\/\/www.europesays.com\/si\/wp-json\/wp\/v2\/posts\/189582\/revisions"}],"wp:featuredmedia":[{"embeddable":true,"href":"https:\/\/www.europesays.com\/si\/wp-json\/wp\/v2\/media\/189583"}],"wp:attachment":[{"href":"https:\/\/www.europesays.com\/si\/wp-json\/wp\/v2\/media?parent=189582"}],"wp:term":[{"taxonomy":"category","embeddable":true,"href":"https:\/\/www.europesays.com\/si\/wp-json\/wp\/v2\/categories?post=189582"},{"taxonomy":"post_tag","embeddable":true,"href":"https:\/\/www.europesays.com\/si\/wp-json\/wp\/v2\/tags?post=189582"}],"curies":[{"name":"wp","href":"https:\/\/api.w.org\/{rel}","templated":true}]}}