{"id":189830,"date":"2026-08-13T09:38:19","date_gmt":"2026-08-13T09:38:19","guid":{"rendered":"https:\/\/www.europesays.com\/si\/189830\/"},"modified":"2026-08-13T09:38:19","modified_gmt":"2026-08-13T09:38:19","slug":"stiri-dni-kasneje-policija-sporocila-tragicno-vest","status":"publish","type":"post","link":"https:\/\/www.europesays.com\/si\/189830\/","title":{"rendered":"\u0160tiri dni kasneje policija sporo\u010dila tragi\u010dno vest"},"content":{"rendered":"<p>Motorist, ki je bil v soboto udele\u017een v prometni nesre\u010di, je v sredo za posledicami po\u0161kodb umrl.<\/p>\n<p>V soboto, 8. avgusta, se je na obmo\u010dju Logatca zgodila <a href=\"https:\/\/www.zurnal24.si\/slovenija\/huda-nesreca-v-logatcu-avto-zbil-motorista-ki-se-bori-za-zivljenje-463350\" target=\"_blank\" rel=\"nofollow noopener\">prometna nesre\u010da<\/a>, v kateri se je hudo po\u0161kodoval motorist. Motorist je zaradi posledic po\u0161kodb, ki jih je utrpel v nesre\u010di, v sredo umrl, so sporo\u010dili s PU Ljubljana.\u00a0<\/p>\n<p>Kot je po nesre\u010di sporo\u010dila policija, je do nesre\u010de pri\u0161lo zaradi nepravilnega prehitevanja voznice osebnega vozila. Policisti nadaljujejo z zbiranjem obvestil o vseh okoli\u0161\u010dinah prometne nesre\u010de.\u00a0<\/p>\n<p>Motoristi sodijo med najbolj ranljive udele\u017eence v prometu<\/p>\n<p>&#8220;Motoristi sodijo med najbolj ranljive udele\u017eence v prometu, saj jih v primeru prometne nesre\u010de ne varuje za\u0161\u010ditna karoserija vozila. \u017de manj\u0161a napaka, neprilagojena hitrost ali trenutek nepazljivosti lahko povzro\u010dijo hude telesne po\u0161kodbe ali celo tragi\u010dne posledice,&#8221; opozarjajo policisti.<\/p>\n<p>Motoristom svetujejo, da pred vsako vo\u017enjo preverijo brezhibnost motornega kolesa, predvsem stanje pnevmatik, zavor, krmilnega mehanizma in svetlobnih teles. Med vo\u017enjo naj vedno uporabljajo homologirano za\u0161\u010ditno \u010delado, za\u0161\u010ditna obla\u010dila, rokavice in primerno obutev. Hitrost vo\u017enje naj bo vedno prilagojena omejitvam, razmeram na cesti, vremenskim razmeram in lastnim vozni\u0161kim sposobnostim. Posebna previdnost je potrebna v ovinkih, na cestah z morebitnimi nanosi peska, olja ali drugih ne\u010disto\u010d ter ob prvih padavinah, ko je oprijem pnevmatik bistveno slab\u0161i. Med vo\u017enjo naj vzdr\u017eujejo ustrezno varnostno razdaljo, se izogibajo tveganim prehitevanjem ter nikoli ne sedejo na motor pod vplivom alkohola, prepovedanih drog ali drugih psihoaktivnih snovi.\u00a0<\/p>\n<p>Obenem policisti pozivajo tudi voznike osebnih in tovornih vozil, naj bodo posebej pozorni na motoriste. Zaradi njihove ozke silhuete jih je v prometu te\u017eje opaziti, zato je treba pred vklju\u010devanjem v promet, menjavo prometnega pasu ali zavijanjem vedno temeljito preveriti dogajanje okoli vozila. Posebna previdnost je potrebna tudi v kri\u017ei\u0161\u010dih ter na nepreglednih ovinkih, kjer ima lahko napa\u010dna ocena hitrosti motorista hude posledice.\u00a0<\/p>\n<p>&#8220;Le odgovorno ravnanje vseh udele\u017eencev lahko prispeva k temu, da bodo na\u0161e ceste varnej\u0161e in da se bodo vsi po kon\u010dani vo\u017enji varno vrnili domov,&#8221; \u0161e opozarajo.<\/p>\n<p><a href=\"https:\/\/www.zurnal24.si\/slovenija\/crna-kronika\/mailto:dezurni@styria-media.si\" rel=\"nofollow noopener\" target=\"_blank\">dezurni@styria-media.si<\/a><\/p>\n","protected":false},"excerpt":{"rendered":"Motorist, ki je bil v soboto udele\u017een v prometni nesre\u010di, je v sredo za posledicami po\u0161kodb umrl. V&hellip;\n","protected":false},"author":2,"featured_media":189831,"comment_status":"","ping_status":"","sticky":false,"template":"","format":"standard","meta":{"footnotes":"","_share_on_mastodon":"0"},"categories":[20],"tags":[32,7960,35,31,34,36,215,37,38,33],"class_list":["post-189830","post","type-post","status-publish","format-standard","has-post-thumbnail","category-novice","tag-headlines","tag-motorist","tag-najpomembnejse-novice","tag-news","tag-novice","tag-osrednje-novice","tag-prometna-nesreca","tag-slovene","tag-slovenscina","tag-top-stories"],"share_on_mastodon":{"url":"https:\/\/pubeurope.com\/@si\/117087535300776428","error":""},"_links":{"self":[{"href":"https:\/\/www.europesays.com\/si\/wp-json\/wp\/v2\/posts\/189830","targetHints":{"allow":["GET"]}}],"collection":[{"href":"https:\/\/www.europesays.com\/si\/wp-json\/wp\/v2\/posts"}],"about":[{"href":"https:\/\/www.europesays.com\/si\/wp-json\/wp\/v2\/types\/post"}],"author":[{"embeddable":true,"href":"https:\/\/www.europesays.com\/si\/wp-json\/wp\/v2\/users\/2"}],"replies":[{"embeddable":true,"href":"https:\/\/www.europesays.com\/si\/wp-json\/wp\/v2\/comments?post=189830"}],"version-history":[{"count":0,"href":"https:\/\/www.europesays.com\/si\/wp-json\/wp\/v2\/posts\/189830\/revisions"}],"wp:featuredmedia":[{"embeddable":true,"href":"https:\/\/www.europesays.com\/si\/wp-json\/wp\/v2\/media\/189831"}],"wp:attachment":[{"href":"https:\/\/www.europesays.com\/si\/wp-json\/wp\/v2\/media?parent=189830"}],"wp:term":[{"taxonomy":"category","embeddable":true,"href":"https:\/\/www.europesays.com\/si\/wp-json\/wp\/v2\/categories?post=189830"},{"taxonomy":"post_tag","embeddable":true,"href":"https:\/\/www.europesays.com\/si\/wp-json\/wp\/v2\/tags?post=189830"}],"curies":[{"name":"wp","href":"https:\/\/api.w.org\/{rel}","templated":true}]}}