{"id":190900,"date":"2026-08-14T07:26:10","date_gmt":"2026-08-14T07:26:10","guid":{"rendered":"https:\/\/www.europesays.com\/si\/190900\/"},"modified":"2026-08-14T07:26:10","modified_gmt":"2026-08-14T07:26:10","slug":"grozljiva-smrt-pri-ajdovscini-34-letni-motorist-trcil-v-kovinsko-ograjo-oglasila-se-je-policija","status":"publish","type":"post","link":"https:\/\/www.europesays.com\/si\/190900\/","title":{"rendered":"Grozljiva smrt pri Ajdov\u0161\u010dini: 34-letni motorist tr\u010dil v kovinsko ograjo, oglasila se je policija"},"content":{"rendered":"<p>Okoli 22. ure je na regionalni cesti od Ajdov\u0161\u010dine proti naselju Cesta umrl 34-letni voznik motornega kolesa, so sporo\u010dili z Generalne policijske uprave.<\/p>\n<p>34-letni voznik motornega kolesa je zaradi vo\u017enje preblizu desnega roba vozi\u0161\u010da oplazil kovinsko varnostno odbojno ograjo, nakar ga je odbilo naravnost, kjer je s \u010delado tr\u010dil v kovinsko ograjo stanovanjske hi\u0161e v bli\u017eini zdrsa. Umrl je na kraju nesre\u010de.<\/p>\n<p>Na cestah Severne Primorske je v letu 2026 v\u00a0\u0161tirih\u00a0prometnih nesre\u010dah umrlo \u0161est oseb<\/p>\n<p>PU Nova Gorica je kasneje sporo\u010dila, da so policisti na kraju ugotovili, da je 34-letni voznik motornega kolesa vozil po regionalni cesti iz Ajdov\u0161\u010dine proti naselju Cesta. Med vo\u017enjo je v bli\u017eini ene od stanovanjskih hi\u0161 v naselju Cesta zaradi vo\u017enje preblizu desnemu robu vozi\u0161\u010da z motornim kolesom oplazil kovinsko varnostno ograjo in ob njej drsel do njenega konca. Nato ga je od kovinske odbojne ograje odbilo na vozi\u0161\u010de, kjer je s \u010delado tr\u010dil v grm in kovinsko ograjo ob eni od stanovanjskih hi\u0161. Po tr\u010denju ga je odbilo nazaj na vozi\u0161\u010de, kjer je negiben oble\u017eal in ni kazal znakov \u017eivljenja.<\/p>\n<p>Poleg policistov Postaje prometne policije Nova Gorica in Policijske postaje Ajdov\u0161\u010dina so na kraju prometne nesre\u010de posredovali tudi gasilci GRC Ajdov\u0161\u010dina, ki so zavarovali kraj dogodka in nudili pomo\u010d policistom in re\u0161evalci NMP ZD Ajdov\u0161\u010dina. Zdravnica ZD Ajdov\u0161\u010dina je na kraju potrdila smrt motorista in odredila sanitarno obdukcijo na In\u0161titutu za sodno medicino, s katero bodo ugotavljali natan\u010den vzrok smrti.<\/p>\n<p>O prometni nesre\u010di s smrtnim izidom so obvestili tudi preiskovalnega sodnika Okro\u017enega sodi\u0161\u010da v Novi Gorici in okro\u017eno dr\u017eavno to\u017eilko v Novi Gorici. Policija bo o vseh ugotovljenih dejstvih tragi\u010dne nesre\u010de pisno seznanila Okro\u017eno dr\u017eavno to\u017eilstvo v Novi Gorici.<\/p>\n<p>Vklju\u010dno z v\u010deraj\u0161njo prometno nesre\u010do je na cestah Severne Primorske v letu 2026 v\u00a0\u0161tirih\u00a0prometnih nesre\u010dah umrlo \u0161est oseb.<\/p>\n<p>\u00a0<\/p>\n","protected":false},"excerpt":{"rendered":"Okoli 22. ure je na regionalni cesti od Ajdov\u0161\u010dine proti naselju Cesta umrl 34-letni voznik motornega kolesa, so&hellip;\n","protected":false},"author":2,"featured_media":190901,"comment_status":"","ping_status":"","sticky":false,"template":"","format":"standard","meta":{"footnotes":"","_share_on_mastodon":"0"},"categories":[6],"tags":[3373,7960,39983,29267,215,59,61,62,37,58,60,38,584,2011],"class_list":["post-190900","post","type-post","status-publish","format-standard","has-post-thumbnail","category-slovenija","tag-ajdovscina","tag-motorist","tag-nesreca-s-smrtnim-izidom","tag-ograja","tag-prometna-nesreca","tag-republic-of-slovenia","tag-republika-slovenija","tag-si","tag-slovene","tag-slovenia","tag-slovenija","tag-slovenscina","tag-smrt","tag-trcenje"],"share_on_mastodon":{"url":"https:\/\/pubeurope.com\/@si\/117092678565378425","error":""},"_links":{"self":[{"href":"https:\/\/www.europesays.com\/si\/wp-json\/wp\/v2\/posts\/190900","targetHints":{"allow":["GET"]}}],"collection":[{"href":"https:\/\/www.europesays.com\/si\/wp-json\/wp\/v2\/posts"}],"about":[{"href":"https:\/\/www.europesays.com\/si\/wp-json\/wp\/v2\/types\/post"}],"author":[{"embeddable":true,"href":"https:\/\/www.europesays.com\/si\/wp-json\/wp\/v2\/users\/2"}],"replies":[{"embeddable":true,"href":"https:\/\/www.europesays.com\/si\/wp-json\/wp\/v2\/comments?post=190900"}],"version-history":[{"count":0,"href":"https:\/\/www.europesays.com\/si\/wp-json\/wp\/v2\/posts\/190900\/revisions"}],"wp:featuredmedia":[{"embeddable":true,"href":"https:\/\/www.europesays.com\/si\/wp-json\/wp\/v2\/media\/190901"}],"wp:attachment":[{"href":"https:\/\/www.europesays.com\/si\/wp-json\/wp\/v2\/media?parent=190900"}],"wp:term":[{"taxonomy":"category","embeddable":true,"href":"https:\/\/www.europesays.com\/si\/wp-json\/wp\/v2\/categories?post=190900"},{"taxonomy":"post_tag","embeddable":true,"href":"https:\/\/www.europesays.com\/si\/wp-json\/wp\/v2\/tags?post=190900"}],"curies":[{"name":"wp","href":"https:\/\/api.w.org\/{rel}","templated":true}]}}