{"id":190916,"date":"2026-08-14T07:45:24","date_gmt":"2026-08-14T07:45:24","guid":{"rendered":"https:\/\/www.europesays.com\/si\/190916\/"},"modified":"2026-08-14T07:45:24","modified_gmt":"2026-08-14T07:45:24","slug":"fotogalerija-kako-smo-opazovali-soncni-mrk","status":"publish","type":"post","link":"https:\/\/www.europesays.com\/si\/190916\/","title":{"rendered":"Fotogalerija: kako smo opazovali son\u010dni mrk"},"content":{"rendered":"<p><a href=\"https:\/\/www.delo.si\/novice\/slovenija\/popoln-soncni-mrk-v-zivo\" target=\"_blank\" rel=\"nofollow noopener\">Son\u010dni mrk <\/a>je bil v\u010deraj v vsej svoji popolnosti morda res najbolj razko\u0161en v \u0160paniji, toda tudi v Sloveniji, kjer je bil viden delni mrk, so prebivalci iskali kraje, kjer si je bilo najlep\u0161e ogledati ta pojav.\u00a0<\/p>\n<p>Veliko se jih je zbralo na Ljubljanskem gradu, kjer je mno\u017eico opazovalcev in delni son\u010dni mrk v objektiv ujel na\u0161 fotoreporter Leon Vidic.<\/p>\n<p>Ker je bilo nebo jasno, so lahko \u0161tevilni Ljubljan\u010dani in turisti delni son\u010dni mrk\u00a0ovekove\u010dili s fotografijami, tudi s pametnimi telefoni. In kot je videti iz posnetkov, so bili vsi opremljeni s <a href=\"https:\/\/www.delo.si\/magazin\/zanimivosti\/nimate-ocal-za-soncev-mrk-nasa-priporoca-kako-ga-lahko-varno-opazujete-doma\" target=\"_blank\" rel=\"nofollow noopener\">posebnimi o\u010dali<\/a> za opazovanje tega pojava.<\/p>\n<p>Ko je bila ta predstava kon\u010dana, so si lahko na nebu ogledali \u0161e\u00a0Perzeide, enega najlep\u0161ih in najbolj prepoznavnih meteorskih rojev, zna\u010dilnega za ta \u010das v letu.\u00a0<\/p>\n<p><img decoding=\"async\" class=\"article__img-tag-visible\" src=\"https:\/\/www.europesays.com\/si\/wp-content\/uploads\/2026\/08\/3700714.width-660.format-webp.webp\" alt=\"Delni son\u010dni mrk, kot je bil viden iz Ljubljane malo pred pol osmo uro zve\u010der. FOTO:\u00a0Leon Vidic\" img_id=\"15001242\" data-img-id=\"15001242\"\/><\/p>\n<p>Delni son\u010dni mrk, kot je bil viden iz Ljubljane malo pred pol osmo uro zve\u010der. FOTO:\u00a0Leon Vidic<\/p>\n<p><img decoding=\"async\" class=\"article__img-tag-visible\" src=\"https:\/\/www.europesays.com\/si\/wp-content\/uploads\/2026\/08\/3700715.width-660.format-webp.webp\" alt=\"Za\u010del se je\u00a0okoli 19.25, najve\u010dja prekritost pa je\u00a0nastopila ob 20.16, ko je\u00a0Luna zakrila pribli\u017eno 91 odstotkov premera Sonca. FOTO:\u00a0Leon Vidic\" img_id=\"15001312\" data-img-id=\"15001312\"\/><\/p>\n<p>Za\u010del se je\u00a0okoli 19.25, najve\u010dja prekritost pa je\u00a0nastopila ob 20.16, ko je\u00a0Luna zakrila pribli\u017eno 91 odstotkov premera Sonca. FOTO:\u00a0Leon Vidic<\/p>\n<p><img decoding=\"async\" class=\"article__img-tag-visible\" src=\"https:\/\/www.europesays.com\/si\/wp-content\/uploads\/2026\/08\/3700716.width-660.format-webp.webp\" alt=\"Idealne za opazovanje so bile vi\u0161je le\u017ee\u010de to\u010dke, kot je Ljubljanski grad, kjer pogleda proti obzorju niso zastirale\u00a0stavbe ali druge ovire. FOTO:\u00a0Leon Vidic\" img_id=\"15001342\" data-img-id=\"15001342\"\/><\/p>\n<p>Idealne za opazovanje so bile vi\u0161je le\u017ee\u010de to\u010dke, kot je Ljubljanski grad, kjer pogleda proti obzorju niso zastirale\u00a0stavbe ali druge ovire. FOTO:\u00a0Leon Vidic<\/p>\n<p><img decoding=\"async\" class=\"article__img-tag-visible\" src=\"https:\/\/www.europesays.com\/si\/wp-content\/uploads\/2026\/08\/3700717.width-660.format-webp.webp\" alt=\"Na Ljubljanskem gradu se je zbrala mno\u017eica doma\u010dinov in turistov. FOTO:\u00a0Leon Vidic\" img_id=\"15001272\" data-img-id=\"15001272\"\/><\/p>\n<p>Na Ljubljanskem gradu se je zbrala mno\u017eica doma\u010dinov in turistov. FOTO:\u00a0Leon Vidic<\/p>\n<p><img decoding=\"async\" class=\"article__img-tag-visible\" src=\"https:\/\/www.europesays.com\/si\/wp-content\/uploads\/2026\/08\/3700718.width-660.format-webp.webp\" alt=\"Pripravljeni za ogled posebnega nebesnega pojava FOTO:\u00a0Leon Vidic\" img_id=\"15001252\" data-img-id=\"15001252\"\/><\/p>\n<p>Pripravljeni za ogled posebnega nebesnega pojava FOTO:\u00a0Leon Vidic<\/p>\n<p><img decoding=\"async\" class=\"article__img-tag-visible\" src=\"https:\/\/www.europesays.com\/si\/wp-content\/uploads\/2026\/08\/3700719.width-660.format-webp.webp\" alt=\"Ker je o\u010dal zmanjkalo, so si pomagali tudi z drugimi pripomo\u010dki. FOTO:\u00a0Leon Vidic\" img_id=\"15001302\" data-img-id=\"15001302\"\/><\/p>\n<p>Ker je o\u010dal zmanjkalo, so si pomagali tudi z drugimi pripomo\u010dki. FOTO:\u00a0Leon Vidic<\/p>\n<p><img decoding=\"async\" class=\"article__img-tag-visible\" src=\"https:\/\/www.europesays.com\/si\/wp-content\/uploads\/2026\/08\/3700720.width-660.format-webp.webp\" alt=\"Najprej so lahko opazovali delni son\u010dni mrk, nato \u0161e Perzeide. FOTO:\u00a0Leon Vidic\" img_id=\"15001292\" data-img-id=\"15001292\"\/><\/p>\n<p>Najprej so lahko opazovali delni son\u010dni mrk, nato \u0161e Perzeide. FOTO:\u00a0Leon Vidic<\/p>\n<p><img decoding=\"async\" class=\"article__img-tag-visible\" src=\"https:\/\/www.europesays.com\/si\/wp-content\/uploads\/2026\/08\/3700721.width-660.format-webp.webp\" alt=\"V ve\u010djem delu Evrope, tudi v Sloveniji, ter v Kanadi, na severu ZDA in v severozahodni Afriki je bil\u00a0viden delni\u00a0mrk, saj je Luna zakrila le del Son\u010deve ploskve. FOTO:\u00a0Leon Vidic\" img_id=\"15001352\" data-img-id=\"15001352\"\/><\/p>\n<p>V ve\u010djem delu Evrope, tudi v Sloveniji, ter v Kanadi, na severu ZDA in v severozahodni Afriki je bil\u00a0viden delni\u00a0mrk, saj je Luna zakrila le del Son\u010deve ploskve. FOTO:\u00a0Leon Vidic<\/p>\n<p><img decoding=\"async\" class=\"article__img-tag-visible\" src=\"https:\/\/www.europesays.com\/si\/wp-content\/uploads\/2026\/08\/3700723.width-660.format-webp.webp\" alt=\"FOTO:\u00a0Leon Vidic\" img_id=\"15001262\" data-img-id=\"15001262\"\/><\/p>\n<p>FOTO:\u00a0Leon Vidic<\/p>\n<p><img decoding=\"async\" class=\"article__img-tag-visible\" src=\"https:\/\/www.europesays.com\/si\/wp-content\/uploads\/2026\/08\/3700724.width-660.format-webp.webp\" alt=\"FOTO:\u00a0Leon Vidic\" img_id=\"15001332\" data-img-id=\"15001332\"\/><\/p>\n<p>FOTO:\u00a0Leon Vidic<\/p>\n<p>Kako so ga videli drugod po\u00a0svetu?<\/p>\n<p><img decoding=\"async\" class=\"article__img-tag-visible\" src=\"https:\/\/www.europesays.com\/si\/wp-content\/uploads\/2026\/08\/3700819.width-660.format-webp.webp\" alt=\"Son\u010dni mrk iz morskega pristani\u0161\u010da Tarragona v severovzhodni \u0160paniji. FOTO: Josep Lago\/AFP\" img_id=\"15001662\" data-img-id=\"15001662\"\/><\/p>\n<p>Son\u010dni mrk iz morskega pristani\u0161\u010da Tarragona v severovzhodni \u0160paniji. FOTO: Josep Lago\/AFP<\/p>\n<p><img decoding=\"async\" class=\"article__img-tag-visible\" src=\"https:\/\/www.europesays.com\/si\/wp-content\/uploads\/2026\/08\/3700820.width-660.format-webp.webp\" alt=\"Deskarji opazujejo delni son\u010dni mrk s pla\u017ee v Lege-Cap-Ferretu. FOTO:\u00a0Tania Buijten\/AFP\" img_id=\"15001712\" data-img-id=\"15001712\"\/><\/p>\n<p>Deskarji opazujejo delni son\u010dni mrk s pla\u017ee v Lege-Cap-Ferretu. FOTO:\u00a0Tania Buijten\/AFP<\/p>\n<p><img decoding=\"async\" class=\"article__img-tag-visible\" src=\"https:\/\/www.europesays.com\/si\/wp-content\/uploads\/2026\/08\/3700821.width-660.format-webp.webp\" alt=\"Luna popolnoma prekrije sonce med son\u010dnim mrkom v bli\u017eini severnega \u0161panskega mesta Reinosa. FOTO:\u00a0Victor Fraile\/Reuters\" img_id=\"15001742\" data-img-id=\"15001742\"\/><\/p>\n<p>Luna popolnoma prekrije sonce med son\u010dnim mrkom v bli\u017eini severnega \u0161panskega mesta Reinosa. FOTO:\u00a0Victor Fraile\/Reuters<\/p>\n<p><img decoding=\"async\" class=\"article__img-tag-visible\" src=\"https:\/\/www.europesays.com\/si\/wp-content\/uploads\/2026\/08\/3700822.width-660.format-webp.webp\" alt=\"Potnik gleda skozi okno med posebnim letom Iberie na dan popolnega son\u010dnega mrka nad \u0161panskim nebom. FOTO:\u00a0Sergio Leon\/Reuters\" img_id=\"15001702\" data-img-id=\"15001702\"\/><\/p>\n<p>Potnik gleda skozi okno med posebnim letom Iberie na dan popolnega son\u010dnega mrka nad \u0161panskim nebom. FOTO:\u00a0Sergio Leon\/Reuters<\/p>\n<p><img decoding=\"async\" class=\"article__img-tag-visible\" src=\"https:\/\/www.europesays.com\/si\/wp-content\/uploads\/2026\/08\/3700823.width-660.format-webp.webp\" alt=\"Fotografija z dronom, na kateri so ljudje s posebnimi za\u0161\u010ditnimi o\u010dali opazovali delni son\u010dni mrk na vrhu zvonika cerkve sv. Marije v Rickmansworthu v Veliki Britaniji. FOTO:\u00a0Suzanne Plunkett\/Reuters\" img_id=\"15001722\" data-img-id=\"15001722\"\/><\/p>\n<p>Fotografija z dronom, na kateri so ljudje s posebnimi za\u0161\u010ditnimi o\u010dali opazovali delni son\u010dni mrk na vrhu zvonika cerkve sv. Marije v Rickmansworthu v Veliki Britaniji. FOTO:\u00a0Suzanne Plunkett\/Reuters<\/p>\n<p><img decoding=\"async\" class=\"article__img-tag-visible\" src=\"https:\/\/www.europesays.com\/si\/wp-content\/uploads\/2026\/08\/3700824.width-660.format-webp.webp\" alt=\"Ljudje opazujejo delni son\u010dni mrk s sipine Pilat v La Teste-de-Buchu blizu Arcachona v Franciji.\u00a0FOTO: Stephanie Lecocq\/Reuters\" img_id=\"15001732\" data-img-id=\"15001732\"\/><\/p>\n<p>Ljudje opazujejo delni son\u010dni mrk s sipine Pilat v La Teste-de-Buchu blizu Arcachona v Franciji.\u00a0FOTO: Stephanie Lecocq\/Reuters<\/p>\n<p><img decoding=\"async\" class=\"article__img-tag-visible\" src=\"https:\/\/www.europesays.com\/si\/wp-content\/uploads\/2026\/08\/3700825.width-660.format-webp.webp\" alt=\"Opazovanje lune, ki razkriva sonce, v trenutkih po popolnem son\u010dnem mrku v Lodosu v provinci Burgos. FOTO: Cesar Manso\/AFP\" img_id=\"15001752\" data-img-id=\"15001752\"\/><\/p>\n<p>Opazovanje lune, ki razkriva sonce, v trenutkih po popolnem son\u010dnem mrku v Lodosu v provinci Burgos. FOTO: Cesar Manso\/AFP<\/p>\n<p><img decoding=\"async\" class=\"article__img-tag-visible\" src=\"https:\/\/www.europesays.com\/si\/wp-content\/uploads\/2026\/08\/3700826.width-660.format-webp.webp\" alt=\"Popolni son\u010dni mrk s pla\u017ee Arenal v Llucmajorju na Balearskem otoku Mallorca. FOTO: Jaime Reina\/AFP\" img_id=\"15001682\" data-img-id=\"15001682\"\/><\/p>\n<p>Popolni son\u010dni mrk s pla\u017ee Arenal v Llucmajorju na Balearskem otoku Mallorca. FOTO: Jaime Reina\/AFP<\/p>\n<p><img decoding=\"async\" class=\"article__img-tag-visible\" src=\"https:\/\/www.europesays.com\/si\/wp-content\/uploads\/2026\/08\/3700827.width-660.format-webp.webp\" alt=\"Luna delno zakriva sonce med son\u010dnim mrkom nad Pra\u0161kim gradom, kot je bilo posneto iz Prage na \u010ce\u0161kem.\u00a0FOTO: Eva Korinkova\/Reuters\" img_id=\"15001672\" data-img-id=\"15001672\"\/><\/p>\n<p>Luna delno zakriva sonce med son\u010dnim mrkom nad Pra\u0161kim gradom, kot je bilo posneto iz Prage na \u010ce\u0161kem.\u00a0FOTO: Eva Korinkova\/Reuters<\/p>\n<p><img decoding=\"async\" class=\"article__img-tag-visible\" src=\"https:\/\/www.europesays.com\/si\/wp-content\/uploads\/2026\/08\/3700828.width-660.format-webp.webp\" alt=\"Obiskovalci opazujejo, kako Luna prehaja \u010dez Son\u010devo ploskev med delnim son\u010dnim mrkom na Slavoloku zmage v Parizu. FOTO:\u00a0Simon Wohlfahrt\/AFP\" img_id=\"15001692\" data-img-id=\"15001692\"\/><\/p>\n<p>Obiskovalci opazujejo, kako Luna prehaja \u010dez Son\u010devo ploskev med delnim son\u010dnim mrkom na Slavoloku zmage v Parizu. FOTO:\u00a0Simon Wohlfahrt\/AFP<\/p>\n<p><img decoding=\"async\" class=\"article__img-tag-visible\" src=\"https:\/\/www.europesays.com\/si\/wp-content\/uploads\/2026\/08\/3700829.width-660.format-webp.webp\" alt=\"Ljudje z o\u010dali za opazovanje son\u010dnega mrka opazujejo delni son\u010dni mrk s trga Trocadero v Parizu. V Franciji son\u010dni mrk ni bil popoln \u2013 po popolnem son\u010dnem mrku leta 1999 Francija ne bo do\u017eivela popolnega mrka \u0161e 55 let, do leta 2081. FOTO:\u00a0Martin Bureau\/AFP\" img_id=\"15001762\" data-img-id=\"15001762\"\/><\/p>\n<p>Ljudje z o\u010dali za opazovanje son\u010dnega mrka opazujejo delni son\u010dni mrk s trga Trocadero v Parizu. V Franciji son\u010dni mrk ni bil popoln \u2013 po popolnem son\u010dnem mrku leta 1999 Francija ne bo do\u017eivela popolnega mrka \u0161e 55 let, do leta 2081. FOTO:\u00a0Martin Bureau\/AFP<\/p>\n","protected":false},"excerpt":{"rendered":"Son\u010dni mrk je bil v\u010deraj v vsej svoji popolnosti morda res najbolj razko\u0161en v \u0160paniji, toda tudi v&hellip;\n","protected":false},"author":2,"featured_media":190917,"comment_status":"","ping_status":"","sticky":false,"template":"","format":"standard","meta":{"footnotes":"","_share_on_mastodon":"0"},"categories":[20],"tags":[12958,32,124,35,31,34,36,37,38,5699,43547,33,15387],"class_list":["post-190916","post","type-post","status-publish","format-standard","has-post-thumbnail","category-novice","tag-fotogalerija","tag-headlines","tag-ljubljana","tag-najpomembnejse-novice","tag-news","tag-novice","tag-osrednje-novice","tag-slovene","tag-slovenscina","tag-sonce","tag-soncni-mrk","tag-top-stories","tag-zemlja"],"share_on_mastodon":{"url":"https:\/\/pubeurope.com\/@si\/117092754050149866","error":""},"_links":{"self":[{"href":"https:\/\/www.europesays.com\/si\/wp-json\/wp\/v2\/posts\/190916","targetHints":{"allow":["GET"]}}],"collection":[{"href":"https:\/\/www.europesays.com\/si\/wp-json\/wp\/v2\/posts"}],"about":[{"href":"https:\/\/www.europesays.com\/si\/wp-json\/wp\/v2\/types\/post"}],"author":[{"embeddable":true,"href":"https:\/\/www.europesays.com\/si\/wp-json\/wp\/v2\/users\/2"}],"replies":[{"embeddable":true,"href":"https:\/\/www.europesays.com\/si\/wp-json\/wp\/v2\/comments?post=190916"}],"version-history":[{"count":0,"href":"https:\/\/www.europesays.com\/si\/wp-json\/wp\/v2\/posts\/190916\/revisions"}],"wp:featuredmedia":[{"embeddable":true,"href":"https:\/\/www.europesays.com\/si\/wp-json\/wp\/v2\/media\/190917"}],"wp:attachment":[{"href":"https:\/\/www.europesays.com\/si\/wp-json\/wp\/v2\/media?parent=190916"}],"wp:term":[{"taxonomy":"category","embeddable":true,"href":"https:\/\/www.europesays.com\/si\/wp-json\/wp\/v2\/categories?post=190916"},{"taxonomy":"post_tag","embeddable":true,"href":"https:\/\/www.europesays.com\/si\/wp-json\/wp\/v2\/tags?post=190916"}],"curies":[{"name":"wp","href":"https:\/\/api.w.org\/{rel}","templated":true}]}}