{"id":191386,"date":"2026-08-14T15:45:07","date_gmt":"2026-08-14T15:45:07","guid":{"rendered":"https:\/\/www.europesays.com\/si\/191386\/"},"modified":"2026-08-14T15:45:07","modified_gmt":"2026-08-14T15:45:07","slug":"brane-gregorcic-s-slabo-novico-padavin-bo-prihodnji-teden-manj-kot-je-kazalo-sprva","status":"publish","type":"post","link":"https:\/\/www.europesays.com\/si\/191386\/","title":{"rendered":"Brane Gregor\u010di\u010d s slabo novico: Padavin bo prihodnji teden manj, kot je kazalo sprva"},"content":{"rendered":"<p>\u010ceprav je po prvih napovedih kazalo, da bo ponedeljek prinesel izdatnej\u0161e padavine in vsaj nekoliko omilil hudo su\u0161o, Arsov meteorolog Brane Gregor\u010di\u010d opozarja, da bo prihodnji teden padavin po trenutnih napovedih in kazalcih precej manj, kot je kazalo \u0161e pred nekaj dnevi. Po ponedeljkovi kratkotrajni osve\u017eitvi in malce ni\u017ejih temperaturah se spet vra\u010dajo vro\u010dina in temperature nad 30 stopinj Celzija.<\/p>\n<p>Petkovo popoldne bo son\u010dno. \u0160e bo pihal veter vzhodnih smeri, na Primorskem \u0161ibka burja. Najvi\u0161je dnevne temperature bodo okoli 30, na Primorskem do 35 stopinj Celzija. Jutri bo jasno. V notranjosti bo pihal vzhodni veter, na Primorskem zahodnik. Najni\u017eje jutranje temperature bodo od 10 do 16, na Primorskem okoli 18, najvi\u0161je dnevne od 30 do 35 stopinj Celzija.<\/p>\n<p>Do konca tega tedna \u0161e ne pri\u010dakujemo ve\u010djih vremenskih sprememb, nato pa bo zanje poskrbel jugozahodnik. Arsov meteorolog Brane Gregor\u010di\u010d je opozoril, da ponedeljkova vremenska motnja ne bo tako radodarna z de\u017ejem, kot so nakazovale prej\u0161nje napovedi, poro\u010dajo Slovenske novice. &#8220;Po son\u010dnem in vro\u010dem koncu tedna nas bo v ponedeljek pre\u0161la vremenska motnja ter nam prinesla nekaj padavin in osve\u017eitev. \u017dal bo koli\u010dina padavin razmeroma majhna \u2013 ve\u010dinoma od pet\u00a0do 20 milimetrov,&#8221; je povedal Gregor\u010di\u010d.\u00a0<\/p>\n<p>V nedeljo bo ve\u010dinoma son\u010dno in vro\u010de, zapihal bo jugozahodni veter. V gorah bo lahko nastala kak\u0161na nevihta. V\u00a0ponedeljek bo spremenljivo obla\u010dno. Za\u010dele se bodo pojavljati krajevne padavine z nevihtami in neurja, ki bodo pogostej\u0161a popoldne.<\/p>\n<p>Ponedeljkove padavine su\u0161e ne bodo omilile in kon\u010dale<\/p>\n<p>Gregor\u010di\u010d je za Slovenske novice poudaril, da se su\u0161a na obmo\u010djih, ki jih je\u00a0\u017ee mo\u010dno prizadela,\u00a0zaradi ponedeljkovega de\u017eja \u0161e ne bo kon\u010dala, &#8220;\u010deprav je \u0161e pred nekaj dnevi kazalo nekoliko bolje&#8221;. Bodo pa padavine vsaj za kratek \u010das prekinile izjemno vro\u010dino in visoke temperature. Arsov meteorolog napoveduje, da\u00a0bodo temperature v torek ve\u010dinoma ostale pod 30 stopinjami Celzija, a poudarja, da se poletna vro\u010dina vseeno \u0161e ne namerava posloviti.<\/p>\n<p><img decoding=\"async\" alt=\"Gregor\u010di\u010d je za Slovenske novice poudaril, da se su\u0161a na obmo\u010djih, ki jih je \u017ee mo\u010dno prizadela, zaradi ponedeljkovega de\u017eja \u0161e ne bo kon\u010dala, \" je=\"\" pred=\"\" nekaj=\"\" dnevi=\"\" kazalo=\"\" nekoliko=\"\" bolje=\"\" foto:=\"\" neboj=\"\" teji=\"\" class=\"article_content__inline_image js_imageLightbox is-clickable\" data-author=\"Neboj\u0161a Teji\u0107\/STA\" data-caption=\"Gregor\u010di\u010d je za Slovenske novice poudaril, da se su\u0161a na obmo\u010djih, ki jih je \u017ee mo\u010dno prizadela, zaradi ponedeljkovega de\u017eja \u0161e ne bo kon\u010dala, &quot;\u010deprav je \u0161e pred nekaj dnevi kazalo nekoliko bolje&quot;.\" data-height=\"1066\" data-href=\"https:\/\/siol.net\/media\/img\/fe\/a9\/f13d1c9a4e7167a79da7-susa-kmetijstvo-voda-posledice-suse.jpeg\" data-width=\"1600\" loading=\"lazy\" src=\"\/media\/img\/10\/bc\/0b4c6e834a54aa595231-susa-kmetijstvo-voda-posledice-suse.jpeg\" title=\"su\u0161a, kmetijstvo, voda, posledice su\u0161e\"\/><\/p>\n<p> Gregor\u010di\u010d je za Slovenske novice poudaril, da se su\u0161a na obmo\u010djih, ki jih je \u017ee mo\u010dno prizadela, zaradi ponedeljkovega de\u017eja \u0161e ne bo kon\u010dala, &#8220;\u010deprav je \u0161e pred nekaj dnevi kazalo nekoliko bolje&#8221;.<br \/>\n Foto: Neboj\u0161a Teji\u0107\/STA <\/p>\n<p>Za omenjeni medij je povedal, da bodo temperature od srede verjetno spet malo nad 30 stopinjami\u00a0Celzija. Nova mo\u017enost za padavine se bo po Gregor\u010di\u010devih besedah predvidoma nekoliko pove\u010dala ob koncu prihodnjega tedna. Na vpra\u0161anje, ali nas pred za\u010detkom septembra \u010daka nov, \u017ee \u010detrti vro\u010dinski val, Gregor\u010di\u010d \u0161e nima odgovora, prav tako tega \u0161e ni mogo\u010de zanesljivo napovedati. Ob tem meteorolog poudarja, da morebitni nov val zagotovo ne bo tako izrazit kot zadnji, ki je trajal od 28. julija do 7. avgusta.<\/p>\n<p>Danes bo na Primorskem \u0161e velika toplotna obremenitev. V delu Primorske je razgla\u0161ena zelo velika, drugod po dr\u017eavi pa velika po\u017earna ogro\u017eenost naravnega okolja.<\/p>\n<p>Vodnatost rek po Sloveniji je majhna. Nizkovodne razmere bele\u017eimo na ve\u010d kot polovici vodomernih postaj, od tega so na okoli desetih odstotkih postaj razmere izredno nizkovodne za ta \u010das. Najmanj vodnate\u00a0so Mura, So\u010da, Sava v spodnjem toku in Krka s pretoki, so zapisali na Arsu.<\/p>\n<p>Izjemna su\u0161a vztraja po ve\u010djem delu dr\u017eave<\/p>\n<p>Izjemno su\u0161ne razmere so prisotne na Gorenjskem, Notranjskem, v Ljubljani z okolico, Beli krajini, na Dolenjskem, v spodnjem Posavju, deloma na Gori\u0161kem in Savinjskem.\u00a0Zelo su\u0161ne razmere pa prevladujejo na Ko\u010devskem, v Pomurju, Podravju, na Koro\u0161kem,\u00a0Obali, v Zgornjesavskem in\u00a0na Bov\u0161kem, so \u0161e zapisali na agenciji za okolje.<\/p>\n","protected":false},"excerpt":{"rendered":"\u010ceprav je po prvih napovedih kazalo, da bo ponedeljek prinesel izdatnej\u0161e padavine in vsaj nekoliko omilil hudo su\u0161o,&hellip;\n","protected":false},"author":2,"featured_media":191387,"comment_status":"","ping_status":"","sticky":false,"template":"","format":"standard","meta":{"footnotes":"","_share_on_mastodon":"0"},"categories":[6],"tags":[1994,10593,34838,983,7187,59,61,62,37,58,60,38,1146,374,1995,1105],"class_list":["post-191386","post","type-post","status-publish","format-standard","has-post-thumbnail","category-slovenija","tag-arso","tag-dez","tag-meteorolog","tag-padavine","tag-poletje","tag-republic-of-slovenia","tag-republika-slovenija","tag-si","tag-slovene","tag-slovenia","tag-slovenija","tag-slovenscina","tag-susa","tag-vreme","tag-vremenska-napoved","tag-vrocina"],"share_on_mastodon":{"url":"https:\/\/pubeurope.com\/@si\/117094640736128402","error":""},"_links":{"self":[{"href":"https:\/\/www.europesays.com\/si\/wp-json\/wp\/v2\/posts\/191386","targetHints":{"allow":["GET"]}}],"collection":[{"href":"https:\/\/www.europesays.com\/si\/wp-json\/wp\/v2\/posts"}],"about":[{"href":"https:\/\/www.europesays.com\/si\/wp-json\/wp\/v2\/types\/post"}],"author":[{"embeddable":true,"href":"https:\/\/www.europesays.com\/si\/wp-json\/wp\/v2\/users\/2"}],"replies":[{"embeddable":true,"href":"https:\/\/www.europesays.com\/si\/wp-json\/wp\/v2\/comments?post=191386"}],"version-history":[{"count":0,"href":"https:\/\/www.europesays.com\/si\/wp-json\/wp\/v2\/posts\/191386\/revisions"}],"wp:featuredmedia":[{"embeddable":true,"href":"https:\/\/www.europesays.com\/si\/wp-json\/wp\/v2\/media\/191387"}],"wp:attachment":[{"href":"https:\/\/www.europesays.com\/si\/wp-json\/wp\/v2\/media?parent=191386"}],"wp:term":[{"taxonomy":"category","embeddable":true,"href":"https:\/\/www.europesays.com\/si\/wp-json\/wp\/v2\/categories?post=191386"},{"taxonomy":"post_tag","embeddable":true,"href":"https:\/\/www.europesays.com\/si\/wp-json\/wp\/v2\/tags?post=191386"}],"curies":[{"name":"wp","href":"https:\/\/api.w.org\/{rel}","templated":true}]}}