{"id":191468,"date":"2026-08-14T17:17:17","date_gmt":"2026-08-14T17:17:17","guid":{"rendered":"https:\/\/www.europesays.com\/si\/191468\/"},"modified":"2026-08-14T17:17:17","modified_gmt":"2026-08-14T17:17:17","slug":"zaradi-tega-videa-znanega-slovenca-napadali-a-ga-ni-umaknil","status":"publish","type":"post","link":"https:\/\/www.europesays.com\/si\/191468\/","title":{"rendered":"Zaradi tega videa znanega Slovenca napadali, a ga ni umaknil"},"content":{"rendered":"<p>Celjski voditelj je onemogo\u010dil komentiranje videa, pod katerim se je usulo neprimernih komentarjev.<\/p>\n<p>V nadaljevanju preberite:<\/p>\n<p>Radijski in televizijski voditelj Iztok Gartner je po objavi spro\u0161\u010denega videa s sprehoda po Rogli izklopil komentiranje, saj so se pod posnetkom pojavili \u0161tevilni \u017ealjivi in negativni komentarji.<br \/>Gartner je z \u017eeno Moniko med sprehodom snemal krave na pa\u0161nikih in se o \u017eivalih \u0161alil; poudaril je, da jih nista vznemirjala ali kako druga\u010de nadlegovala.<br \/>Kritike so ga presenetile, ker je \u0161lo po njegovih besedah za uradno sprehajalno pot, po kateri se dnevno sprehaja veliko ljudi, krave pa so obiskovalcev vajene.<br \/>V odzivnem videu je ostro kritiziral komentatorje, ki so po njegovem mnenju iz nedol\u017ene in \u0161aljive objave naredili problem.<\/p>\n<p>Radijski in televizijski voditelj Iztok Gartner je moral na grd na\u010din spoznati, da so med njegovimi sledilci tudi ljudje brez smisla\u00a0za humor.\u00a0Pod povsem nedol\u017enim videom, ki ga je posnel med sprehodom z \u017eeno Moniko, so se namre\u010d usuli tako grdi komentarji, da je Iztok, ki ima sicer trdo ko\u017eo, mo\u017enost komentiranja izklju\u010dil.\u00a0<\/p>\n<p>Iztok in Monika sta se sprehajala po potki, ki je tekla med pa\u0161niki, na katerih so se mirno pasle krave. Iztok je \u017eeno v \u0161ali spra\u0161eval razli\u010dne stvari, kot na primer, zakaj so si krave in biki v roge podobni. \u017divali sta snemala, jih komentirala, a jih pustila popolnoma pri miru. Kljub temu je njun sprehod nekatere zmotil &#8230;<\/p>\n<p>Iztok se je na kritike odzval z novim videom.<\/p>\n<p>&#8220;Ne zgodi se velikokrat, da bi \u0161el brisat komentarje ali da bi pri objavi le prijateljem omogo\u010dil komentiranje. A to sem moral storiti pri dana\u0161nji objavici o tem, kako sva z \u017eenko \u0161la na Roglo,&#8221; je povedal Iztok in dodal, da sta se sprehajala po potki, po kateri se na dan sprehodi najmanj tiso\u010d ljudi, in so krave dru\u017ebe zato vajene.\u00a0<\/p>\n<p>&#8220;Vi pa ste nenadoma za\u010deli komentirati, kot bi vdrla na neki zasebni pa\u0161nik. Kot da sva nadlegovala krave, jih streljala, pretepala &#8230; Ne vem, kaj ste iz tega videa razbrali,&#8221; je povedal. &#8220;Da ne govorim o pomanjkanju smisla za humor. \u010clovek se \u0161ali, da ne ve, kako so videti krave in vime, ker je iz mesta. Vi to vzamete zares. V\u010dasih res ne vem, kaj se je zgodilo pod neko pozitivno, zabavno, spro\u0161\u010deno\u00a0objavico &#8230; en kup negativnih, slabih, groznih komentarjev, ko se vpra\u0161a\u0161, kaj \u010dloveka napelje k temu, da gre nekaj takega komentirat. Prvi se oglasi z nekim idiotizmom, nato pa drugi sledijo. Tokrat res ni bilo razloga za negativo,\u00a0slabo voljo in nesramnost.&#8221;<\/p>\n<p>Iztoka niso negativno presenetili tisti, za katere je vedel, da ga ne marajo oziroma ves \u010das trosijo negativne komentarje, ampak starej\u0161e gospe, ki so &#8220;\u010dvekale na pamet in, prvi\u010d, niso vedele, da je to Rogla, da je to znana sprehajalna pot, da gre ve\u010d kot tiso\u010d ljudi po tisti poti in da se nikoli nikomur ni ni\u010d zgodilo&#8221;. Iztoka \u010dudijo tudi komentarji, da sta z \u017eeno krave izzivala. &#8220;Ste res vsi zme\u0161ani?\u00a0\u010clovek se res vpra\u0161a, kaj je z vami, ljudje bo\u017eji. Prvo pravilo interneta: \u010de ne\u010desa ne ve\u0161, ne komentiraj, ker se bo\u0161 osme\u0161il, ker pojma nima\u0161,&#8221; je ogor\u010den. Na koncu je \u0161e enkrat poudaril, da gre za uradno sprehajalno pot in ne zasebno posest. &#8220;Kaj se je zgodilo z vami, da ste tako slabe volje, da ste tako negativni, da ste tako sovra\u017eno nastrojeni, da ste tako bolno za\u0161\u010ditni\u0161ki do \u017eivali\u00a0tam, kjer res ni treba? Tukaj ni bilo treba pisati bedarij, ker nih\u010de ni naredil ni\u010d narobe,&#8221; je \u0161e dodal.\u00a0<\/p>\n","protected":false},"excerpt":{"rendered":"Celjski voditelj je onemogo\u010dil komentiranje videa, pod katerim se je usulo neprimernih komentarjev. V nadaljevanju preberite: Radijski in&hellip;\n","protected":false},"author":2,"featured_media":191469,"comment_status":"","ping_status":"","sticky":false,"template":"","format":"standard","meta":{"footnotes":"","_share_on_mastodon":"0"},"categories":[18],"tags":[114,1781,47913,15291,62,37,58,60,38,115],"class_list":["post-191468","post","type-post","status-publish","format-standard","has-post-thumbnail","category-zabava","tag-entertainment","tag-iztok-gartner","tag-negativni-komentarji","tag-rogla","tag-si","tag-slovene","tag-slovenia","tag-slovenija","tag-slovenscina","tag-zabava"],"share_on_mastodon":{"url":"https:\/\/pubeurope.com\/@si\/117095002641923877","error":""},"_links":{"self":[{"href":"https:\/\/www.europesays.com\/si\/wp-json\/wp\/v2\/posts\/191468","targetHints":{"allow":["GET"]}}],"collection":[{"href":"https:\/\/www.europesays.com\/si\/wp-json\/wp\/v2\/posts"}],"about":[{"href":"https:\/\/www.europesays.com\/si\/wp-json\/wp\/v2\/types\/post"}],"author":[{"embeddable":true,"href":"https:\/\/www.europesays.com\/si\/wp-json\/wp\/v2\/users\/2"}],"replies":[{"embeddable":true,"href":"https:\/\/www.europesays.com\/si\/wp-json\/wp\/v2\/comments?post=191468"}],"version-history":[{"count":0,"href":"https:\/\/www.europesays.com\/si\/wp-json\/wp\/v2\/posts\/191468\/revisions"}],"wp:featuredmedia":[{"embeddable":true,"href":"https:\/\/www.europesays.com\/si\/wp-json\/wp\/v2\/media\/191469"}],"wp:attachment":[{"href":"https:\/\/www.europesays.com\/si\/wp-json\/wp\/v2\/media?parent=191468"}],"wp:term":[{"taxonomy":"category","embeddable":true,"href":"https:\/\/www.europesays.com\/si\/wp-json\/wp\/v2\/categories?post=191468"},{"taxonomy":"post_tag","embeddable":true,"href":"https:\/\/www.europesays.com\/si\/wp-json\/wp\/v2\/tags?post=191468"}],"curies":[{"name":"wp","href":"https:\/\/api.w.org\/{rel}","templated":true}]}}