{"id":191488,"date":"2026-08-14T17:42:13","date_gmt":"2026-08-14T17:42:13","guid":{"rendered":"https:\/\/www.europesays.com\/si\/191488\/"},"modified":"2026-08-14T17:42:13","modified_gmt":"2026-08-14T17:42:13","slug":"4500-evrov-kazni-ker-je-s-sireno-za-megl%d0%be-zbudil-specega-severnega-medveda","status":"publish","type":"post","link":"https:\/\/www.europesays.com\/si\/191488\/","title":{"rendered":"4500 evrov kazni, ker je s sireno za megl\u043e zbudil spe\u010dega severnega medveda"},"content":{"rendered":"<p>\t\t\t\t\t\t\t\t<a href=\"https:\/\/www.europesays.com\/si\/wp-content\/uploads\/2026\/08\/67067489.jpg\" itemprop=\"contentUrl\" data-size=\"1200x800\" data-large=\"https:\/\/www.europesays.com\/si\/wp-content\/uploads\/2026\/08\/67067489.jpg\"><br \/>\n\t\t\t\t\t\t\t\t\t<img decoding=\"async\" src=\"https:\/\/www.europesays.com\/si\/wp-content\/uploads\/2026\/08\/67067489.jpg\" title=\"Opozorilni znak na Svalbardu. Foto: EPA\" alt=\"Opozorilni znak na Svalbardu. Foto: EPA\"\/><br \/>\n\t\t\t\t\t\t\t\t<\/a><\/p>\n<p>\t\t\t\t\t\t\t\t\tOpozorilni znak na Svalbardu. Foto: EPA<\/p>\n<p>\t\t\t\t\t\t\t<a id=\"preferredSourceBanner\" href=\"https:\/\/www.rtvslo.si\/zabava-in-slog\/zanimivosti\/4500-evrov-kazni-ker-je-s-sireno-za-meglo-zbudil-specega-severnega-medveda\/javascript:void(0)\" target=\"_blank\" class=\"d-none align-items-center justify-content-between rounded my-3\" style=\"padding: 10px 15px;\" rel=\"nofollow noopener\"><br \/>\n\t\t\t\t\t\t<img decoding=\"async\" src=\"https:\/\/img.rtvslo.si\/_static\/novi\/img\/ico-google.svg\" class=\"flex-shrink-0 mr-3\" aria-hidden=\"true\"\/><br \/>\n\t\t\t\t\t\tSpremljajte RTVSLO.si kot prednostni vir na Google<\/p>\n<p>\t\t\t\t\t<\/a><\/p>\n<p>Dogodek se je zgodil na za\u010detku tega meseca, potem ko je nekdo spro\u017eil alarm z ladje, ki je plula po fjordu na severozahodu Svalbarda, pribli\u017eno tiso\u010d kilometrov od severnega te\u010daja.<\/p>\n<p>Oglas<\/p>\n<p>V \u010detrtek so organi pregona osebo \u2013 ki ni bila imenovana \u2013 oglobili s 50.000 kronami (4500 evri), je potrdil guverner ozemlja.<\/p>\n<p>Po lokalnih predpisih &#8220;je prepovedano brez potrebe vznemirjati, privabljati ali zasledovati polarnega medveda&#8221;, ki je bil na Svalbardu razgla\u0161en za za\u0161\u010diteno vrsto leta 1972.<\/p>\n<p>Po zadnjem znanstvenem \u0161tetju, izvedenem leta 2015, so na arhipelagu na\u0161teli pribli\u017eno 250 severnih medvedov, na \u0161ir\u0161em obmo\u010dju Barentsovega morja pa jih je okoli 3000. Mimogrede,  prebivalcev Svalbarda je medtem le 2900.<\/p>\n<p>\t\t\t\t\t\t\t\t<a href=\"https:\/\/www.europesays.com\/si\/wp-content\/uploads\/2026\/08\/67067488.jpg\" itemprop=\"contentUrl\" data-size=\"1200x800\" data-large=\"https:\/\/www.europesays.com\/si\/wp-content\/uploads\/2026\/08\/67067488.jpg\"><br \/>\n\t\t\t\t\t\t\t\t\t<img decoding=\"async\" src=\"https:\/\/www.europesays.com\/si\/wp-content\/uploads\/2026\/08\/67067488.jpg\" title=\"Severni medved na Svalbardu. Foto: AP\" alt=\"Severni medved na Svalbardu. Foto: AP\"\/><br \/>\n\t\t\t\t\t\t\t\t<\/a><\/p>\n<p>\t\t\t\t\t\t\t\t\tSeverni medved na Svalbardu. Foto: AP<\/p>\n<p>\t\t\t\t\t\t\t\t\t<a href=\"https:\/\/www.rtvslo.si\/n\/263576\" class=\"image-link image-heading image-container container-16-9\" data-large=\"https:\/\/img.rtvcdn.si\/_up\/upload\/2011\/08\/07\/64810988_highres_00000402856090.jpg\" rel=\"nofollow noopener\" target=\"_blank\"><br \/>\n\t\t\t\t\t\t\t\t\t\t<img decoding=\"async\" src=\"https:\/\/www.europesays.com\/si\/wp-content\/uploads\/2026\/08\/64810988_highres_00000402856090_thumb.jpg\" class=\"image-preview\"\/><br \/>\n\t\t\t\t\t\t\t\t\t<\/a><\/p>\n<p>\t\t\t\t\t\t\t\t\t\tSorodna novica<br \/>\n\t\t\t\t\t\t\t\t\t\t<a href=\"https:\/\/www.rtvslo.si\/n\/263576\" rel=\"nofollow noopener\" target=\"_blank\">Svalbard &#8211; kjer so ljudje v primerjavi s severnimi medvedi v manj\u0161ini<\/a><\/p>\n<p>V izjavi je guverner Svalbardov Lars Fause povedal, da so, ko je ladja plula mimo \u017eivali, &#8220;njeni potniki opazili severnega medveda, ki je spal na kopnem&#8221;. &#8220;Oseba na krovu je nato uporabila ladijsko sireno za megl\u043e, s \u010dimer je \u017eival zbudila, ta pa se je premaknila na drugo mesto,&#8221; je povedal.<\/p>\n<p>Posameznik je privolil v pla\u010dilo globe, poro\u010da BBC.<\/p>\n<p>Turisti ve\u010dkrat motili \u017eivali<\/p>\n<p>To ni prvi\u010d, da so ljudje kaznovani zaradi motenja \u017eivali na oto\u010dju Svalbard. Leta 2024 je bil neki turist oglobljen z 11.500 kronami (pribli\u017eno tiso\u010d evrov), ker se je preve\u010d pribli\u017eal mro\u017eu.<\/p>\n<p>Svalbardski okoljski zakon dolo\u010da, da mora ves promet na arhipelagu potekati na na\u010din, ki ne povzro\u010da nepotrebnega vznemirjanja lokalne divjadi \u2013 med katero sodijo severni medvedi, tjulnji, kiti, severni jeleni in arkti\u010dne lisice.<\/p>\n<p>Od leta 1971 so severni medvedi na Svalbardu pokon\u010dali \u0161est ljudi, nazadnje leta 2020, ko je medved napadel 38-letnega Nizozemca v njegovem \u0161otoru v kampu nedale\u010d od glavnega mesta Longyearbyen.<\/p>\n<p>Oglas<\/p>\n","protected":false},"excerpt":{"rendered":"Opozorilni znak na Svalbardu. Foto: EPA Spremljajte RTVSLO.si kot prednostni vir na Google Dogodek se je zgodil na&hellip;\n","protected":false},"author":2,"featured_media":191489,"comment_status":"","ping_status":"","sticky":false,"template":"","format":"standard","meta":{"footnotes":"","_share_on_mastodon":"0"},"categories":[8],"tags":[1104,47920,37,38,46550,64,63],"class_list":["post-191488","post","type-post","status-publish","format-standard","has-post-thumbnail","category-svet","tag-norveska","tag-severni-medved","tag-slovene","tag-slovenscina","tag-svalbard","tag-svet","tag-world"],"share_on_mastodon":{"url":"https:\/\/pubeurope.com\/@si\/117095101174820290","error":""},"_links":{"self":[{"href":"https:\/\/www.europesays.com\/si\/wp-json\/wp\/v2\/posts\/191488","targetHints":{"allow":["GET"]}}],"collection":[{"href":"https:\/\/www.europesays.com\/si\/wp-json\/wp\/v2\/posts"}],"about":[{"href":"https:\/\/www.europesays.com\/si\/wp-json\/wp\/v2\/types\/post"}],"author":[{"embeddable":true,"href":"https:\/\/www.europesays.com\/si\/wp-json\/wp\/v2\/users\/2"}],"replies":[{"embeddable":true,"href":"https:\/\/www.europesays.com\/si\/wp-json\/wp\/v2\/comments?post=191488"}],"version-history":[{"count":0,"href":"https:\/\/www.europesays.com\/si\/wp-json\/wp\/v2\/posts\/191488\/revisions"}],"wp:featuredmedia":[{"embeddable":true,"href":"https:\/\/www.europesays.com\/si\/wp-json\/wp\/v2\/media\/191489"}],"wp:attachment":[{"href":"https:\/\/www.europesays.com\/si\/wp-json\/wp\/v2\/media?parent=191488"}],"wp:term":[{"taxonomy":"category","embeddable":true,"href":"https:\/\/www.europesays.com\/si\/wp-json\/wp\/v2\/categories?post=191488"},{"taxonomy":"post_tag","embeddable":true,"href":"https:\/\/www.europesays.com\/si\/wp-json\/wp\/v2\/tags?post=191488"}],"curies":[{"name":"wp","href":"https:\/\/api.w.org\/{rel}","templated":true}]}}