{"id":191670,"date":"2026-08-14T21:08:19","date_gmt":"2026-08-14T21:08:19","guid":{"rendered":"https:\/\/www.europesays.com\/si\/191670\/"},"modified":"2026-08-14T21:08:19","modified_gmt":"2026-08-14T21:08:19","slug":"34-letni-motorist-z-glavo-trcil-v-kovinsko-ograjo-in-umrl","status":"publish","type":"post","link":"https:\/\/www.europesays.com\/si\/191670\/","title":{"rendered":"34-letni motorist z glavo tr\u010dil v kovinsko ograjo in umrl"},"content":{"rendered":"<p>    <img decoding=\"async\" data-lb-desktop=\"\/media\/2026\/08\/14\/854301\/Orig-motorist-1200.webp\" data-lb-mobile=\"\/media\/2026\/08\/14\/854301\/Orig-motorist-600.webp\" class=\"main-gallery-image se_image_lb\" src=\"https:\/\/www.europesays.com\/si\/wp-content\/uploads\/2026\/08\/Wide-motorist-1000.webp\" alt=\"Nekaj dni po hudi nesre\u010di je motorist v bolni\u0161nici umrl. \"\/><\/p>\n<p>Fotografija je simboli\u010dna:\u00a0PGD Steklarna Roga\u0161ka Slatina<\/p>\n<p>34-letni motorist z glavo tr\u010dil v kovinsko ograjo in umrl<\/p>\n<p>V hudi prometni nesre\u010di blizu Ajdov\u0161\u010dine je sino\u010di umrl 34-letni voznik motornega kolesa.<\/p>\n<p>                        14. 08. 2026, 08.08\n                    <\/p>\n<p> tak\n                    <\/p>\n<p>                        <a href=\"https:\/\/google.com\/preferences\/source?q=dnevnik.si\" class=\"se-author-gps-cta\" target=\"_blank\" rel=\"nofollow noopener\"><br \/>\n                            <img decoding=\"async\" class=\"se-author-gps-cta-badge\" src=\"https:\/\/www.europesays.com\/si\/wp-content\/uploads\/2026\/08\/1786741699_167_dnevnik_gps_badge.png\" alt=\"Google Preferred Sources CTA\"\/><br \/>\n                        <\/a><\/p>\n<p>V \u010detrtek okoli desete ure zve\u010der se je na regionalni cesti od Ajdov\u0161\u010dine proti naselju Cesta pripetila huda prometna nesre\u010da, v kateri je umrl motorist.<\/p>\n<p>34-letnik je zaradi vo\u017enje preblizu desnega roba ceste oplazil kovinsko varnostno odbojno ograjo in ob njej drsel do njenega konca. \u00bbNato ga je od kovinske odbojne ograje odbilo na cesto, kjer je s \u010delado tr\u010dil v grm in kovinsko ograjo ob eni od hi\u0161. Po tr\u010denju ga je odbilo nazaj na cesto, kjer je negiben oble\u017eal,\u00ab so nesre\u010do opisali na novogori\u0161ki policijski upravi.<\/p>\n<p>    <a class=\"se-card__wrap se-card--link\" href=\"https:\/\/www.dnevnik.si\/novice\/kronika\/voznica-nepravilno-prehitevala-motorist-umrl-2821349\/\" data-upscore-url=\"\" rel=\"nofollow noopener\" target=\"_blank\"><\/p>\n<p>        <img decoding=\"async\" class=\"se-image se-image--card\" src=\"https:\/\/www.europesays.com\/si\/wp-content\/uploads\/2026\/08\/Wide-iStock-518198839-400.webp\" alt=\"Voznik avtomobila je iz neznanega razloga zapeljal na nasprotni pas. Slika je simboli\u010dna.\"\/><\/p>\n<p>Logatec<\/p>\n<p>Voznica nepravilno prehitevala, motorist umrl<\/p>\n<p>    <\/a><\/p>\n<p>Umrl je na kraju nesre\u010de. Natan\u010den vzrok smrti bo pokazala obdukcija. Cesta je bila do enih pono\u010di zaprta.<\/p>\n<p>Zapeljal s ceste v drevje<\/p>\n<p>To pa ni bila edina v\u010deraj\u0161nja prometna nesre\u010da s smrtonosnimi posledicami. Okoli poldneva je na\u00a0regionalni cesti med Stahovico in \u010crnivcem\u00a074-letni voznik osebnega vozila v ovinku zaradi neprilagojene hitrosti zapeljal s ceste in tr\u010dil v drevje. V nesre\u010di je umrl na kraju dogodka.<\/p>\n<p>    <a class=\"se-card__wrap se-card--link\" href=\"https:\/\/www.dnevnik.si\/novice\/kronika\/huda-prometna-nesreca-74-letni-voznik-umrl-2821546\/\" data-upscore-url=\"\" rel=\"nofollow noopener\" target=\"_blank\"><\/p>\n<p>        <img decoding=\"async\" class=\"se-image se-image--card\" src=\"https:\/\/www.europesays.com\/si\/wp-content\/uploads\/2026\/08\/Wide-0904_nen_021-400.webp\" alt=\"prometni nadzorpolicija - simboli\u010dna fotografijaprometna policijavarnost v prometupolicija na motorjihmotoristi\u010dna policijaprehitri voznikiavtocestna policija08.04.2025 Policijski nadzor, po\u010divali\u0161\u010de PovodjeFOTO: Nik Erik Neubauer\"\/><\/p>\n<p>TR\u010cIL V DREVO<\/p>\n<p>Huda prometna nesre\u010da, 74-letni voznik umrl<\/p>\n<p>    <\/a><\/p>\n<p>\u00a0<\/p>\n","protected":false},"excerpt":{"rendered":"Fotografija je simboli\u010dna:\u00a0PGD Steklarna Roga\u0161ka Slatina 34-letni motorist z glavo tr\u010dil v kovinsko ograjo in umrl V hudi&hellip;\n","protected":false},"author":2,"featured_media":191671,"comment_status":"","ping_status":"","sticky":false,"template":"","format":"standard","meta":{"footnotes":"","_share_on_mastodon":"0"},"categories":[20],"tags":[3373,32,7960,35,31,34,36,9742,37,38,20591,33],"class_list":["post-191670","post","type-post","status-publish","format-standard","has-post-thumbnail","category-novice","tag-ajdovscina","tag-headlines","tag-motorist","tag-najpomembnejse-novice","tag-news","tag-novice","tag-osrednje-novice","tag-prometna-nesreca-s-smrtnim-izidom","tag-slovene","tag-slovenscina","tag-smrt-motorista","tag-top-stories"],"share_on_mastodon":{"url":"https:\/\/pubeurope.com\/@si\/117095911531367851","error":""},"_links":{"self":[{"href":"https:\/\/www.europesays.com\/si\/wp-json\/wp\/v2\/posts\/191670","targetHints":{"allow":["GET"]}}],"collection":[{"href":"https:\/\/www.europesays.com\/si\/wp-json\/wp\/v2\/posts"}],"about":[{"href":"https:\/\/www.europesays.com\/si\/wp-json\/wp\/v2\/types\/post"}],"author":[{"embeddable":true,"href":"https:\/\/www.europesays.com\/si\/wp-json\/wp\/v2\/users\/2"}],"replies":[{"embeddable":true,"href":"https:\/\/www.europesays.com\/si\/wp-json\/wp\/v2\/comments?post=191670"}],"version-history":[{"count":0,"href":"https:\/\/www.europesays.com\/si\/wp-json\/wp\/v2\/posts\/191670\/revisions"}],"wp:featuredmedia":[{"embeddable":true,"href":"https:\/\/www.europesays.com\/si\/wp-json\/wp\/v2\/media\/191671"}],"wp:attachment":[{"href":"https:\/\/www.europesays.com\/si\/wp-json\/wp\/v2\/media?parent=191670"}],"wp:term":[{"taxonomy":"category","embeddable":true,"href":"https:\/\/www.europesays.com\/si\/wp-json\/wp\/v2\/categories?post=191670"},{"taxonomy":"post_tag","embeddable":true,"href":"https:\/\/www.europesays.com\/si\/wp-json\/wp\/v2\/tags?post=191670"}],"curies":[{"name":"wp","href":"https:\/\/api.w.org\/{rel}","templated":true}]}}