{"id":192492,"date":"2026-08-15T18:03:09","date_gmt":"2026-08-15T18:03:09","guid":{"rendered":"https:\/\/www.europesays.com\/si\/192492\/"},"modified":"2026-08-15T18:03:09","modified_gmt":"2026-08-15T18:03:09","slug":"tina-gaber-pokazala-fotografijo-to-se-dogaja-ta-trenutek-v-novih-jarsah","status":"publish","type":"post","link":"https:\/\/www.europesays.com\/si\/192492\/","title":{"rendered":"Tina Gaber pokazala fotografijo: To se dogaja ta trenutek v Novih Jar\u0161ah"},"content":{"rendered":"<p>ZAUPANJA VREDEN VIR<\/p>\n<p class=\"tdm-descr td-fix-index\">Smo se izkazali kot zaupanja vreden vir informacij? Dodajte nas na googlu<\/p>\n<p>Tina Gaber je z javnostjo delila fotografijo. Pokazala je, kaj se v tem trenutku dogaja sredi Ljubljane.<\/p>\n<p>Znana slovenska<a href=\"https:\/\/top24novice.si\/?s=tina+gaber\" target=\"_blank\" rel=\"noopener nofollow\"> spletna vplivnica<\/a> Tina Gaber, ki jo mnogi poznajo kot veliko ljubiteljico \u017eivali, je s svojimi spletnimi prijatelji delila fotografijo.<\/p>\n<p>Fotografija sicer ni njena, razkrila je, da jo je prejela, a se tej osebi \u017eeli zahvaliti.<\/p>\n<p><img fetchpriority=\"high\" decoding=\"async\" class=\"wp-image-40900 size-full\" src=\"https:\/\/www.europesays.com\/si\/wp-content\/uploads\/2026\/08\/tina-ptice.jpg\" alt=\"voda, ptice, \" width=\"1200\" height=\"1600\"  \/>Voda za ptice (foto: Facebook)<br \/>\nZa kaj gre?<\/p>\n<p>Na fotografiji je lon\u010den lonec, v njemu je nekaj kamenja in voda. V teh dneh \u0161e kako nujno potrebna.<\/p>\n<p>\u00bbRavnokar sem prejela tole fotografijo iz Novih Jar\u0161. Ne vem, \u010digavo delo je, ampak \u2026 kapo dol,\u00ab je zapisala.<br \/>Nato je v nadaljevanju pojasnila: \u00bbPosoda z vodo v senci drevesa je v vro\u010dih in su\u0161nih dneh zelo pomemben vir vode za ptice, \u017eu\u017eelke in druge \u017eivali. Lahko re\u0161i \u017eivljenja.<\/p>\n<p>Ptice in \u017eu\u017eelke opra\u0161ujejo rastline, razna\u0161ajo semena, uravnavajo \u0161tevilo \u0161kodljivcev ter so nepogre\u0161ljiv del prehranjevalnih verig. Brez njih za\u010dnejo slabeti celotni ekosistemi, od katerih smo odvisni tudi ljudje.<\/p>\n<p>Skrb za \u017eivali zato ni nekaj postranskega. Ko varujemo te male genijalce, varujemo tudi sebe in prihodnost svojih otrok.\u00ab<\/p>\n<p>V zapisu je prosila tudi, naj tistega, ki je nastavil vodo pticam, ozna\u010dijo. \u017deli se mu namre\u010d zahvaliti.<\/p>\n<p><a href=\"https:\/\/top24novice.si\/estrada\/tina-gaber-presenetila-pokazala-je-kaksno-darilo-je-dobila-za-rojstni-dan\/\" rel=\"nofollow noopener\" target=\"_blank\">Tina Gaber presenetila: Pokazala je, kak\u0161no darilo je dobila za rojstni dan<\/a><\/p>\n","protected":false},"excerpt":{"rendered":"ZAUPANJA VREDEN VIR Smo se izkazali kot zaupanja vreden vir informacij? Dodajte nas na googlu Tina Gaber je&hellip;\n","protected":false},"author":2,"featured_media":192493,"comment_status":"","ping_status":"","sticky":false,"template":"","format":"standard","meta":{"footnotes":"","_share_on_mastodon":"0"},"categories":[18],"tags":[114,62,37,58,60,38,1146,4267,48110,115,3794],"class_list":["post-192492","post","type-post","status-publish","format-standard","has-post-thumbnail","category-zabava","tag-entertainment","tag-si","tag-slovene","tag-slovenia","tag-slovenija","tag-slovenscina","tag-susa","tag-tina-gaber","tag-voda-za-ptice","tag-zabava","tag-zivali"],"share_on_mastodon":{"url":"https:\/\/pubeurope.com\/@si\/117100846621804064","error":""},"_links":{"self":[{"href":"https:\/\/www.europesays.com\/si\/wp-json\/wp\/v2\/posts\/192492","targetHints":{"allow":["GET"]}}],"collection":[{"href":"https:\/\/www.europesays.com\/si\/wp-json\/wp\/v2\/posts"}],"about":[{"href":"https:\/\/www.europesays.com\/si\/wp-json\/wp\/v2\/types\/post"}],"author":[{"embeddable":true,"href":"https:\/\/www.europesays.com\/si\/wp-json\/wp\/v2\/users\/2"}],"replies":[{"embeddable":true,"href":"https:\/\/www.europesays.com\/si\/wp-json\/wp\/v2\/comments?post=192492"}],"version-history":[{"count":0,"href":"https:\/\/www.europesays.com\/si\/wp-json\/wp\/v2\/posts\/192492\/revisions"}],"wp:featuredmedia":[{"embeddable":true,"href":"https:\/\/www.europesays.com\/si\/wp-json\/wp\/v2\/media\/192493"}],"wp:attachment":[{"href":"https:\/\/www.europesays.com\/si\/wp-json\/wp\/v2\/media?parent=192492"}],"wp:term":[{"taxonomy":"category","embeddable":true,"href":"https:\/\/www.europesays.com\/si\/wp-json\/wp\/v2\/categories?post=192492"},{"taxonomy":"post_tag","embeddable":true,"href":"https:\/\/www.europesays.com\/si\/wp-json\/wp\/v2\/tags?post=192492"}],"curies":[{"name":"wp","href":"https:\/\/api.w.org\/{rel}","templated":true}]}}