{"id":193319,"date":"2026-08-16T15:14:11","date_gmt":"2026-08-16T15:14:11","guid":{"rendered":"https:\/\/www.europesays.com\/si\/193319\/"},"modified":"2026-08-16T15:14:11","modified_gmt":"2026-08-16T15:14:11","slug":"jorgic-je-moral-se-petic-priznati-premoc-felixu-lebrunu","status":"publish","type":"post","link":"https:\/\/www.europesays.com\/si\/193319\/","title":{"rendered":"Jorgi\u0107 je moral \u0161e peti\u010d priznati premo\u010d Felixu Lebrunu"},"content":{"rendered":"<p>\t\t\t\t\t\t\t\t<a href=\"https:\/\/www.europesays.com\/si\/wp-content\/uploads\/2026\/08\/67070231.jpg\" itemprop=\"contentUrl\" data-size=\"1200x800\" data-large=\"https:\/\/www.europesays.com\/si\/wp-content\/uploads\/2026\/08\/67070231.jpg\"><br \/>\n\t\t\t\t\t\t\t\t\t<img decoding=\"async\" src=\"https:\/\/www.europesays.com\/si\/wp-content\/uploads\/2026\/08\/67070231.jpg\" title=\"Felix Lebrun je na zadnjih olimpijskih igrah v Parizu osvojil bronasto medaljo. Foto: EPA\" alt=\"Felix Lebrun je na zadnjih olimpijskih igrah v Parizu osvojil bronasto medaljo. Foto: EPA\"\/><br \/>\n\t\t\t\t\t\t\t\t<\/a><\/p>\n<p>\t\t\t\t\t\t\t\t\tFelix Lebrun je na zadnjih olimpijskih igrah v Parizu osvojil bronasto medaljo. Foto: EPA<\/p>\n<p>\t\t\t\t\t\t\t<a id=\"preferredSourceBanner\" href=\"https:\/\/www.rtvslo.si\/sport\/preostali-sporti\/jorgic-je-moral-tudi-v-peto-priznati-premoc-lebrunu\/javascript:void(0)\" target=\"_blank\" class=\"d-none align-items-center justify-content-between rounded my-3\" style=\"padding: 10px 15px;\" rel=\"nofollow noopener\"><br \/>\n\t\t\t\t\t\t<img decoding=\"async\" src=\"https:\/\/img.rtvslo.si\/_static\/novi\/img\/ico-google.svg\" class=\"flex-shrink-0 mr-3\" aria-hidden=\"true\"\/><br \/>\n\t\t\t\t\t\tSpremljajte RTVSLO.si kot prednostni vir na Google<\/p>\n<p>\t\t\t\t\t<\/a><\/p>\n<p>Tega v finalu \u010daka Japonec Tomokazu Harimoto, ki je bil v prvem polfinalnem obra\u010dunu bolj\u0161i od rojaka Sore Macu\u0161ime s 4:3 (6, -7, 4, -6, -9, 8, 6).<\/p>\n<p>Oglas<\/p>\n<p>Najbolj\u0161i slovenski namiznoteni\u0161ki igralec tudi v petem medsebojnem obra\u010dunu ni bil kos trenutno petemu igralcu na jakostni lestvici Mednarodne namiznoteni\u0161ke zveze (ITTF) iz Francije. 28-letni Hrastni\u010dan, trenutno 15. igralec na svetu, v Malm\u00f6ju ni na\u0161el odgovora za igro devet let mlaj\u0161ega tekmeca iz Montpelliera, v uvodnih dveh nizih je zbral po pet to\u010dk.<\/p>\n<p>V tretjem nizu je bilo izena\u010deno do izida 5:5, nato je Lebrun nanizal pet zaporednih to\u010dk in povedel z 10:5, na koncu pa slavil z 11:8. \u010cetrti niz je bil bolj ali manj preslikava tretjega, po izidu 4:4 je v Malm\u00f6 Areni zagospodaril Francoz in gladko zmagal z 11:5.<\/p>\n<p>&#8220;Felix je bil preprosto premo\u010dan, kar potrjuje tudi izid. Res je, da je igral dobro, ni delal tistih lahkih napak, ki sem jih jaz delal, predvsem pa sem slab\u0161e vra\u010dal njegove servise. Za name\u010dek je imel \u0161e re\u0161itve za vse moje zamisli. \u010ceprav je bila to moja najslab\u0161a igra na tem turnirju, sem lahko, \u010de potegnem \u010drto, s turnirjem zadovoljen. Nekaj posebnega je igrati zadnji dan turnirja,&#8221; je po porazu dejal Jorgi\u0107, ki bo na svetovni lestvici verjetno pridobil dve, morda tudi tri mesta.<\/p>\n<p>&#8220;Bolj pomembno je, da sem pri\u0161el do dobre igre, kar je dobra napoved za evropsko prvenstvo, ki se vse bolj pribli\u017euje,&#8221; je dodal Jorgi\u0107.<\/p>\n<p>Jorgi\u0107 je na kakovostnem \u0161vedskem turnirju v prvem dvoboju ugnal rojaka Denija Ko\u017eula s 3:1. V naslednjem krogu je bil bolj\u0161i od Belgijca Cedrica Nuytincka s 3:0, v osmini finala od Nemca Dimitrija Ov\u010darova s 3:1, v \u010detrtfinalu pa \u0161e od Egip\u010dana Omarja Asarja s 4:2.<\/p>\n<p>Jorgi\u0107 in Ko\u017eul sta zdru\u017eila mo\u010di v konkurenci dvojic, kjer ju je ustavila doma\u010da naveza Kristian Karlsson in Anton K\u00e4llberg s 3:2 v nizih.<\/p>\n<p>Oba na\u0161a namiznoteni\u0161ka igralca pilita formo za evropsko prvenstvo, ki bo med 11. in 18. oktobrom v Ljubljani.<\/p>\n<p>Oglas<\/p>\n","protected":false},"excerpt":{"rendered":"Felix Lebrun je na zadnjih olimpijskih igrah v Parizu osvojil bronasto medaljo. Foto: EPA Spremljajte RTVSLO.si kot prednostni&hellip;\n","protected":false},"author":2,"featured_media":193320,"comment_status":"","ping_status":"","sticky":false,"template":"","format":"standard","meta":{"footnotes":"","_share_on_mastodon":"0"},"categories":[16],"tags":[15668,20355,1816,62,37,58,60,38,94,93,48297,48296],"class_list":["post-193319","post","type-post","status-publish","format-standard","has-post-thumbnail","category-sport","tag-darko-jorgic","tag-deni-kozul","tag-namizni-tenis","tag-si","tag-slovene","tag-slovenia","tag-slovenija","tag-slovenscina","tag-sport","tag-sports","tag-wtt","tag-wtt-turnir"],"share_on_mastodon":{"url":"https:\/\/pubeurope.com\/@si\/117105843604782650","error":""},"_links":{"self":[{"href":"https:\/\/www.europesays.com\/si\/wp-json\/wp\/v2\/posts\/193319","targetHints":{"allow":["GET"]}}],"collection":[{"href":"https:\/\/www.europesays.com\/si\/wp-json\/wp\/v2\/posts"}],"about":[{"href":"https:\/\/www.europesays.com\/si\/wp-json\/wp\/v2\/types\/post"}],"author":[{"embeddable":true,"href":"https:\/\/www.europesays.com\/si\/wp-json\/wp\/v2\/users\/2"}],"replies":[{"embeddable":true,"href":"https:\/\/www.europesays.com\/si\/wp-json\/wp\/v2\/comments?post=193319"}],"version-history":[{"count":0,"href":"https:\/\/www.europesays.com\/si\/wp-json\/wp\/v2\/posts\/193319\/revisions"}],"wp:featuredmedia":[{"embeddable":true,"href":"https:\/\/www.europesays.com\/si\/wp-json\/wp\/v2\/media\/193320"}],"wp:attachment":[{"href":"https:\/\/www.europesays.com\/si\/wp-json\/wp\/v2\/media?parent=193319"}],"wp:term":[{"taxonomy":"category","embeddable":true,"href":"https:\/\/www.europesays.com\/si\/wp-json\/wp\/v2\/categories?post=193319"},{"taxonomy":"post_tag","embeddable":true,"href":"https:\/\/www.europesays.com\/si\/wp-json\/wp\/v2\/tags?post=193319"}],"curies":[{"name":"wp","href":"https:\/\/api.w.org\/{rel}","templated":true}]}}