{"id":193665,"date":"2026-08-16T23:32:15","date_gmt":"2026-08-16T23:32:15","guid":{"rendered":"https:\/\/www.europesays.com\/si\/193665\/"},"modified":"2026-08-16T23:32:15","modified_gmt":"2026-08-16T23:32:15","slug":"boskan-osvojil-30-mesto-na-400-metrov-prosto","status":"publish","type":"post","link":"https:\/\/www.europesays.com\/si\/193665\/","title":{"rendered":"Bo\u0161kan osvojil 30. mesto na 400 metrov prosto"},"content":{"rendered":"<p>\t\t\t\t\t\t\t\t<a href=\"https:\/\/www.europesays.com\/si\/wp-content\/uploads\/2026\/08\/67069910.jpg\" itemprop=\"contentUrl\" data-size=\"1200x800\" data-large=\"https:\/\/www.europesays.com\/si\/wp-content\/uploads\/2026\/08\/67069910.jpg\"><br \/>\n\t\t\t\t\t\t\t\t\t<img decoding=\"async\" src=\"https:\/\/www.europesays.com\/si\/wp-content\/uploads\/2026\/08\/67069910.jpg\" title=\"Sa\u0161o Bo\u0161kan. Foto: EPA\" alt=\"Sa\u0161o Bo\u0161kan. Foto: EPA\"\/><br \/>\n\t\t\t\t\t\t\t\t<\/a><\/p>\n<p>\t\t\t\t\t\t\t\t\tSa\u0161o Bo\u0161kan. Foto: EPA<\/p>\n<p>\t\t\t\t\t\t\t<a id=\"preferredSourceBanner\" href=\"https:\/\/www.rtvslo.si\/sport\/preostali-sporti\/boskan-osvojil-30-mesto-na-400-metrov-prosto\/javascript:void(0)\" target=\"_blank\" class=\"d-none align-items-center justify-content-between rounded my-3\" style=\"padding: 10px 15px;\" rel=\"nofollow noopener\"><br \/>\n\t\t\t\t\t\t<img decoding=\"async\" src=\"https:\/\/img.rtvslo.si\/_static\/novi\/img\/ico-google.svg\" class=\"flex-shrink-0 mr-3\" aria-hidden=\"true\"\/><br \/>\n\t\t\t\t\t\tSpremljajte RTVSLO.si kot prednostni vir na Google<\/p>\n<p>\t\t\t\t\t<\/a><\/p>\n<p>Bo\u0161kan je bil s \u010dasom 3:53,64 v svoji skupini deveti, skupno pa 30. Letos je na mitingu na Iliriji plaval 25 stotink hitreje, prijavljeni \u010das pa je imel slabe \u0161tiri sekunde hitrej\u0161i.<\/p>\n<p>Oglas<\/p>\n<p>Dopoldne je bil v tej disciplini najhitrej\u0161i Nemec Oliver Klemet s \u010dasom 3:45,22. Za najbolj\u0161o osmerico je zado\u0161\u010dal \u010das 3:46,33.<\/p>\n<p>Najbolj\u0161o slovensko uvrstitev na tekmovanju je dosegla Ne\u017ea Klan\u010dar, ki je bila v soboto \u0161esta na 50 m prosto. Edini preostali polfinalni nastop je uspel Tini \u010celik na 100 m prsno s kon\u010dnim 15. mestom.<\/p>\n<p>\t\t\t\tSlovenske nastope kon\u010dal Bo\u0161kan<\/p>\n<p>Italijanka Simona Quadarella tretji\u010d zlata v Parizu<br \/>Zadnji tekmovalni dan so podelili devet kompletov odli\u010dij. Za izida dneva sta poskrbela Italijanka Simona Quadarella na 400 m prosto in Mad\u017ear Hubert Kos na 200 m me\u0161ano, ki sta postavila najbolj\u0161a \u010dasa na celinskih tekmovanjih. Quadarella je osvojila tretjo zlato odli\u010dje na leto\u0161njem evropskem prvenstvu.<\/p>\n<p>27-letna Rimljanka je bila po zmagoslavjih na 800 m in 1500 m prosto najbolj\u0161a tudi na 400 m prosto. Zmagala je z rekordom evropskih prvenstev (4:01,34), za njo pa sta se uvrstili Nemki Isabel Gose (+1,07) in Maya Werner (+2,39).<\/p>\n<p>Na 50 metrov prsno so odlo\u010dale malenkosti, v igri stotink pa je bila najsre\u010dnej\u0161a izku\u0161ena Litovka Ruta Meilutyte (29,93). Stotinko slab\u0161i \u010das je imela srebrna Italijanka Benedetta Pilato, dve stotinki pa bronasta Irka Mona McSharry.<\/p>\n<p>Britanka Keanna Macinnes je leto\u0161nja celinska prvakinja na 200 m delfin. Razdaljo je preplavala v \u010dasu 2:05,90, za njo pa sta se uvrstili Danka Helena Rosendahl Bach (+0,24) in \u0160panka Laura Cabanes Gorzas (+1,31).<\/p>\n<p>Na \u017eenski \u0161tafetni preizku\u0161nji na 4 x 100 m me\u0161ano so bile najbolj\u0161e plavalke iz Velike Britanije. Lauren Cox, Angharad Evans, Keanna Macinnes in Freya Colbert so slavile z najbolj\u0161im \u010dasom prvenstev (3:53,50), drugouvr\u0161\u010dene Italijanke so imele deset stotink slab\u0161i \u010das.<\/p>\n<p>Marchand znova navdu\u0161il gledalce<br \/>V plavalnem centru v Parizu je gledalce najbolj na noge dvignil Leon Marchand. Eden od junakov zadnjih olimpijskih iger pred dvema letoma v Parizu, kjer je osvojil \u0161tiri zlate kolajne, je v soboto Franciji priplaval sploh prvo odli\u010dje najbolj \u017elahtnega leska na leto\u0161njem evropskem prvenstvu, po zmagoslavju na 200 m delfin pa je zadnji dan tekmovanja slavil tudi na 400 m prosto.<\/p>\n<p>24-letni Marchand v tej sezoni zaradi po\u0161kodbe stegenske mi\u0161ice ni veliko nastopal, za doma\u010de celinsko prvenstvo pa se je temeljito pripravil in v svoji drugi finalni disciplini zanesljivo slavil s \u010dasom 3:43,14. Drugo mesto je zasedel Mad\u017ear Oliver Papai (+1,32), tretje pa Nemec Lukas Martens (+1,43).<\/p>\n<p>Na mo\u0161ki sprinterski plavalni preizku\u0161nji na 50 m prosto je smetano pobral 19-letni Ukrajinec Nikita \u0160eremet, ki je slavil s \u010dasom 21,13, srebrno kolajno pa sta si razdelila Rus Egor Kornev in Srb Andrej Barna, ki sta zaostala 24 stotink.<\/p>\n<p>Na 200 m me\u0161ano je z novim rekordom prvenstev (1:54,24) slavil Mad\u017ear Kos. Za nosilcem zlate olimpijske kolajne iz Pariza 2024 ter leto\u0161njega celinskega prvenstva na 200 m hrbtno sta se uvrstila \u0160panec Hugo Gonzales de Oliveira (+0,20) in Rus Mihail \u0160\u010derbakov (+1,92).<\/p>\n<p>Grk Apostolos Christou (52,27) si je v zadnjih metrih priplaval odli\u010dje najbolj \u017elahtnega leska na 100 m hrbtno. Drugouvr\u0161\u010denega Italijana Thomasa Ceccona, nosilca zlate olimpijske kolajne iz Pariza 2024 v tej disciplini, je od prvega mesta lo\u010dila stotinka, tretjeuvr\u0161\u010deni Rus Pavel Samusenko pa je imel 30 stotink slab\u0161i \u010das.<\/p>\n<p>Na \u0161tafetni preizku\u0161nji na 4 x 100 m me\u0161ano so bili najbolj\u0161i plavalci, ki tekmujejo pod nevtralno zastavo. Rusi Kliment Kolesnikov, Ivan Ko\u017eakin, Andrej Minakov in Egor Kornev so zmagali s \u010dasom 3;28,67. Drugouvr\u0161\u010deni Italijani so imeli 19, tretjeuvr\u0161\u010deni Francozi pa 36.<\/p>\n<p>Mo\u0161ki, 50 m prosto:<br \/>\n1. Nikita \u0160eremet (Ukr) 21,13<br \/>\n2. Egor Kornev (Rus) 21,37<br \/>\n. Andrej Barna (Srb) 21,37<\/p>\n<p>200 m me\u0161ano:<br \/>\n1. Hubert Kos (Mad\u017e) 1:54,24<br \/>\n2. Hugo Gonzalez De Oliveira (\u0160pa) 1:54,44<br \/>\n3. Mihail \u0160\u010derbakov (Rus) 1:56,16<\/p>\n<p>100 m hrbtno:<br \/>\n1. Apostolos Christou (Gr\u010d) 52,27<br \/>\n2. Thomas Ceccon (Ita) 52,28<br \/>\n3. Pavel Samusenko (Rus) 52,57<\/p>\n<p>400 m prosto:<br \/>\n1. Leon Marchand (Fra) 3:43,14<br \/>\n2. Oliver Papai (Mad\u017e) 3:44,46<br \/>\n3. Lukas Maertens (Nem) 3:44,57<\/p>\n<p>4 x 100 m me\u0161ano:<br \/>\n1. Rusija 3:28,67<br \/>\n(Kliment Kolesnikov, Ivan Ko\u017eakin, Andrej Minakov, Egor Kornev)<br \/>\n2. Italija 3:28,86<br \/>\n3. Francija 3:29,03<\/p>\n<p>\u017denske, 50 m prsno:<br \/>\n1. Ruta Meilutyte (Lit) 29,93<br \/>\n2. Benedetta Pilato (Ita) 29,94<br \/>\n3. Mona Mcsharry (Irs) 29,95<\/p>\n<p>200 m delfin:<br \/>\n1. Keanna MacInnes (VBr) 2:05,90<br \/>\n2. Helena Bach (Dan) 2:06,14<br \/>\n3. Laura Cabanes Garzas (\u0160pa) 2:07,21<\/p>\n<p>400 m prosto:<br \/>\n1. Simona Quadarella (Ita) 4:01,34<br \/>\n2. Isabel Gose (Nem) 4:02,41<br \/>\n3. Maya Werner (Nem) 4:03,73<\/p>\n<p>4 x 100 m me\u0161ano:<br \/>\n1. Velika Britanija 3:53,50<br \/>\n(Lauren Cox, Angharad Evans, Keanna Macinnes, Freya Colbert)<br \/>\n2. Italija 3:53,60<br \/>\n3. Rusija 3:53,79<\/p>\n<p>Oglas<\/p>\n","protected":false},"excerpt":{"rendered":"Sa\u0161o Bo\u0161kan. Foto: EPA Spremljajte RTVSLO.si kot prednostni vir na Google Bo\u0161kan je bil s \u010dasom 3:53,64 v&hellip;\n","protected":false},"author":2,"featured_media":193666,"comment_status":"","ping_status":"","sticky":false,"template":"","format":"standard","meta":{"footnotes":"","_share_on_mastodon":"0"},"categories":[16],"tags":[48365,47326,62,48364,37,58,60,38,94,93],"class_list":["post-193665","post","type-post","status-publish","format-standard","has-post-thumbnail","category-sport","tag-leon-marchand","tag-saso-boskan","tag-si","tag-simona-quadarella","tag-slovene","tag-slovenia","tag-slovenija","tag-slovenscina","tag-sport","tag-sports"],"share_on_mastodon":{"url":"https:\/\/pubeurope.com\/@si\/117107801933250585","error":""},"_links":{"self":[{"href":"https:\/\/www.europesays.com\/si\/wp-json\/wp\/v2\/posts\/193665","targetHints":{"allow":["GET"]}}],"collection":[{"href":"https:\/\/www.europesays.com\/si\/wp-json\/wp\/v2\/posts"}],"about":[{"href":"https:\/\/www.europesays.com\/si\/wp-json\/wp\/v2\/types\/post"}],"author":[{"embeddable":true,"href":"https:\/\/www.europesays.com\/si\/wp-json\/wp\/v2\/users\/2"}],"replies":[{"embeddable":true,"href":"https:\/\/www.europesays.com\/si\/wp-json\/wp\/v2\/comments?post=193665"}],"version-history":[{"count":0,"href":"https:\/\/www.europesays.com\/si\/wp-json\/wp\/v2\/posts\/193665\/revisions"}],"wp:featuredmedia":[{"embeddable":true,"href":"https:\/\/www.europesays.com\/si\/wp-json\/wp\/v2\/media\/193666"}],"wp:attachment":[{"href":"https:\/\/www.europesays.com\/si\/wp-json\/wp\/v2\/media?parent=193665"}],"wp:term":[{"taxonomy":"category","embeddable":true,"href":"https:\/\/www.europesays.com\/si\/wp-json\/wp\/v2\/categories?post=193665"},{"taxonomy":"post_tag","embeddable":true,"href":"https:\/\/www.europesays.com\/si\/wp-json\/wp\/v2\/tags?post=193665"}],"curies":[{"name":"wp","href":"https:\/\/api.w.org\/{rel}","templated":true}]}}