{"id":193675,"date":"2026-08-16T23:54:14","date_gmt":"2026-08-16T23:54:14","guid":{"rendered":"https:\/\/www.europesays.com\/si\/193675\/"},"modified":"2026-08-16T23:54:14","modified_gmt":"2026-08-16T23:54:14","slug":"nova-najvisja-stavba-na-svetu-visoka-je-ze-430-metrov-a-so-sele-na-pol-poti","status":"publish","type":"post","link":"https:\/\/www.europesays.com\/si\/193675\/","title":{"rendered":"Nova najvi\u0161ja stavba na svetu: visoka je \u017ee 430 metrov, a so \u0161ele na pol poti"},"content":{"rendered":"<p>        <img decoding=\"async\" data-lb-desktop=\"\/media\/2026\/08\/16\/854643\/Orig-profimedia-0985102124-1200.webp\" data-lb-mobile=\"\/media\/2026\/08\/16\/854643\/Orig-profimedia-0985102124-600.webp\" class=\"se-image__thumb\" src=\"https:\/\/www.europesays.com\/si\/wp-content\/uploads\/2026\/08\/Wide-profimedia-0985102124-400.webp\" onclick=\"changeMainImage(this)\"\/><\/p>\n<p>        <img decoding=\"async\" data-lb-desktop=\"\/media\/2026\/08\/16\/854642\/Orig-profimedia-0100099561-1200.webp\" data-lb-mobile=\"\/media\/2026\/08\/16\/854642\/Orig-profimedia-0100099561-600.webp\" class=\"se-image__thumb\" src=\"https:\/\/www.europesays.com\/si\/wp-content\/uploads\/2026\/08\/Wide-profimedia-0100099561-400.webp\" onclick=\"changeMainImage(this)\"\/><\/p>\n<p>    <img decoding=\"async\" data-lb-desktop=\"\/media\/2026\/08\/16\/854643\/Orig-profimedia-0985102124-1200.webp\" data-lb-mobile=\"\/media\/2026\/08\/16\/854643\/Orig-profimedia-0985102124-600.webp\" class=\"main-gallery-image se_image_lb\" src=\"https:\/\/www.europesays.com\/si\/wp-content\/uploads\/2026\/08\/Wide-profimedia-0985102124-1000.webp\" alt=\"Futuristi\u010dni pogled na stolp v bodo\u010dnosti. \/ Foto: Profimedia\"\/><\/p>\n<p>Futuristi\u010dni pogled na stolp v prihodnosti. \/ Foto: Profimedia<\/p>\n<p>Nova najvi\u0161ja stavba na svetu: visoka je \u017ee 430 metrov, a so \u0161ele na pol poti<\/p>\n<p>Z 270 globokimi piloti, aerodinami\u010dnim dizajnom in ve\u010d kot pol milijona kvadratnih metrov povr\u0161in megaprojekt postavlja nova merila v svetovni arhitekturi.<\/p>\n<p>Gradnja prihodnje najvi\u0161je zgradbe na svetu, stolpa Jeddah v Savdski Arabiji, hitro napreduje. Po navedbah virov je neboti\u010dnik ob Rde\u010dem morju dosegel \u017ee vi\u0161ino 430 metrov in se povzpel prek 100. nadstropja, s \u010dimer se pribli\u017euje polovici svoje kon\u010dne na\u010drtovane vi\u0161ine, ki bo presegla en kilometer.<\/p>\n<p>    <a class=\"se-card__wrap se-card--link\" href=\"https:\/\/www.dnevnik.si\/novice\/posel\/kilometer-v-nebo-gradnja-najvisjega-neboticnika-na-svetu-se-bliza-kljucnemu-mejniku-2810668\/\" data-upscore-url=\"\" rel=\"nofollow noopener\" target=\"_blank\"><\/p>\n<p>        <img decoding=\"async\" class=\"se-image se-image--card\" src=\"https:\/\/www.europesays.com\/si\/wp-content\/uploads\/2026\/08\/Wide-profimedia-0155052797-400.webp\" alt=\"Jeddah Kingdom Tower. Foto: Profimedia\"\/><\/p>\n<p>rekordi<\/p>\n<p>Kilometer v nebo: Gradnja najvi\u0161jega neboti\u010dnika na svetu se bli\u017ea klju\u010dnemu mejniku<\/p>\n<p>    <\/a><\/p>\n<p>Projekt, ki nastaja po na\u010drtih priznanega ameri\u0161kega arhitekturnega biroja Adrian Smith + Gordon Gill Architecture \u2013 tudi avtorjev trenutnega rekorderja, 828 metrov visoke stolpnice Burd\u017e Kalifa v Dubaju \u2013, naj bi po dokon\u010danju postal osrednja to\u010dka savdskega gospodarskega razvoja in presti\u017ea.<\/p>\n<p>Gradbena dela trenutno potekajo s tempom pribli\u017eno ene zgrajene eta\u017ee na teden. Uradno odprtje rekordnega objekta je predvideno za avgust 2028.<\/p>\n<p>Zgradba z vsaj 157 na\u010drtovanimi eta\u017eami bo ponudila pribli\u017eno 530.000 kvadratnih metrov uporabnih povr\u0161in za poslovne prostore, luksuzna stanovanja in hotelske kapacitete. Poseben poudarek bo na napredni infrastrukturi: navpi\u010dni transport bodo zagotavljala dvonadstropna dvigala, ki bodo dosegala hitrosti prek 10 metrov na sekundo (ve\u010d kot 36 kilometrov na uro), med glavnimi turisti\u010dnimi atrakcijami pa bo zunanja razgledna plo\u0161\u010dad, imenovana Sky Terrace.<\/p>\n<p>        <img decoding=\"async\" data-lb-desktop=\"\/media\/2026\/08\/16\/854642\/Orig-profimedia-0100099561-1200.webp\" data-lb-mobile=\"\/media\/2026\/08\/16\/854642\/Orig-profimedia-0100099561-600.webp\" class=\"se_image se_image_lb\" src=\"https:\/\/www.europesays.com\/si\/wp-content\/uploads\/2026\/08\/FP-profimedia-0100099561-600.webp\" alt=\"Naboti\u010dniki rastejo v nebo. Kon\u010dna vi\u0161ina naj bi bila pribli\u017eno 1000 metrov. \/ Foto: Profimedia\"\/><\/p>\n<p>Neboti\u010dniki rastejo v nebo. Kon\u010dna vi\u0161ina naj bi bila pribli\u017eno 1000 metrov. \/ Foto: Profimedia<\/p>\n<p>Zaradi ekstremnih dimenzij in pu\u0161\u010davskih vremenskih razmer so in\u017eenirji uporabili vrsto prilagojenih tehnolo\u0161kih re\u0161itev. Masivna temeljna plo\u0161\u010da debeline pet metrov sloni na 270 vgrajenih vrtanih pilotih s premerom 1,8 metra, ki segajo do 105 metrov globoko v podlago. Zunanja aerodinami\u010dna zasnova stolpa je optimizirana za zmanj\u0161evanje sunkov mo\u010dnih vetrov na velikih vi\u0161inah.<\/p>\n<p>Gradbena dela trenutno potekajo s tempom pribli\u017eno ene zgrajene eta\u017ee na teden. Uradno odprtje rekordnega objekta je predvideno za avgust 2028.<\/p>\n","protected":false},"excerpt":{"rendered":"Futuristi\u010dni pogled na stolp v prihodnosti. \/ Foto: Profimedia Nova najvi\u0161ja stavba na svetu: visoka je \u017ee 430&hellip;\n","protected":false},"author":2,"featured_media":193676,"comment_status":"","ping_status":"","sticky":false,"template":"","format":"standard","meta":{"footnotes":"","_share_on_mastodon":"0"},"categories":[8],"tags":[48375,1248,48374,126,431,48376,36866,36868,5635,37,38,64,14729,63],"class_list":["post-193675","post","type-post","status-publish","format-standard","has-post-thumbnail","category-svet","tag-adrian-smith-gordon-gill-architecture","tag-arhitektura","tag-burdz-kalifa","tag-gradbenistvo","tag-infrastruktura","tag-inzenirstvo","tag-jeddah-tower","tag-neboticniki","tag-savdska-arabija","tag-slovene","tag-slovenscina","tag-svet","tag-turisticne-atrakcije","tag-world"],"share_on_mastodon":{"url":"https:\/\/pubeurope.com\/@si\/117107888540636677","error":""},"_links":{"self":[{"href":"https:\/\/www.europesays.com\/si\/wp-json\/wp\/v2\/posts\/193675","targetHints":{"allow":["GET"]}}],"collection":[{"href":"https:\/\/www.europesays.com\/si\/wp-json\/wp\/v2\/posts"}],"about":[{"href":"https:\/\/www.europesays.com\/si\/wp-json\/wp\/v2\/types\/post"}],"author":[{"embeddable":true,"href":"https:\/\/www.europesays.com\/si\/wp-json\/wp\/v2\/users\/2"}],"replies":[{"embeddable":true,"href":"https:\/\/www.europesays.com\/si\/wp-json\/wp\/v2\/comments?post=193675"}],"version-history":[{"count":0,"href":"https:\/\/www.europesays.com\/si\/wp-json\/wp\/v2\/posts\/193675\/revisions"}],"wp:featuredmedia":[{"embeddable":true,"href":"https:\/\/www.europesays.com\/si\/wp-json\/wp\/v2\/media\/193676"}],"wp:attachment":[{"href":"https:\/\/www.europesays.com\/si\/wp-json\/wp\/v2\/media?parent=193675"}],"wp:term":[{"taxonomy":"category","embeddable":true,"href":"https:\/\/www.europesays.com\/si\/wp-json\/wp\/v2\/categories?post=193675"},{"taxonomy":"post_tag","embeddable":true,"href":"https:\/\/www.europesays.com\/si\/wp-json\/wp\/v2\/tags?post=193675"}],"curies":[{"name":"wp","href":"https:\/\/api.w.org\/{rel}","templated":true}]}}