{"id":194437,"date":"2026-08-17T15:29:12","date_gmt":"2026-08-17T15:29:12","guid":{"rendered":"https:\/\/www.europesays.com\/si\/194437\/"},"modified":"2026-08-17T15:29:12","modified_gmt":"2026-08-17T15:29:12","slug":"ceferin-pomagal-celjanom-pred-zgodovinsko-tekmo-uspelo-je","status":"publish","type":"post","link":"https:\/\/www.europesays.com\/si\/194437\/","title":{"rendered":"\u010ceferin pomagal Celjanom pred zgodovinsko tekmo: \u00bbUspelo je!\u00ab"},"content":{"rendered":"<p>    <img decoding=\"async\" data-lb-desktop=\"\/media\/2026\/08\/17\/855072\/Orig-20260728_01561265-1200.webp\" data-lb-mobile=\"\/media\/2026\/08\/17\/855072\/Orig-20260728_01561265-600.webp\" class=\"main-gallery-image se_image_lb\" src=\"https:\/\/www.europesays.com\/si\/wp-content\/uploads\/2026\/08\/1786980550_962_Wide-20260728_01561265-1000.webp\" alt=\"Celje, Stadion Z'dezele.Povratna tekma 2. kroga kvalifikacij za Ligo prvakov med NK Celje in albansko Egnatio.\"\/><\/p>\n<p>Celjani bodo imeli na odlo\u010dilni tekmi za preboj v ligo prvakov veliko podporo s tribun. Foto: STA<\/p>\n<p>\u010ceferin pomagal Celjanom pred zgodovinsko tekmo: \u00bbUspelo je!\u00ab<\/p>\n<p>Celje \u017ee trese nogometna mrzlica, pred zgodovinskim obra\u010dunom prejeli odli\u010dno novico.<\/p>\n<p>                        17. 08. 2026, 17.05\n                    <\/p>\n<p> ma\n                    <\/p>\n<p>                        <a href=\"https:\/\/google.com\/preferences\/source?q=dnevnik.si\" class=\"se-author-gps-cta\" target=\"_blank\" rel=\"nofollow noopener\"><br \/>\n                            <img decoding=\"async\" class=\"se-author-gps-cta-badge\" src=\"https:\/\/www.europesays.com\/si\/wp-content\/uploads\/2026\/08\/1786980551_863_dnevnik_gps_badge.png\" alt=\"Google Preferred Sources CTA\"\/><br \/>\n                        <\/a><\/p>\n<p>V Celju se pred zgodovinskim obra\u010dunom play-offa kvalifikacij za ligo prvakov stopnjuje nogometno vzdu\u0161je. Iz kluba so sporo\u010dili, da bo na povratni tekmi proti Slovanu iz Bratislave na stadionu Z&#8217;de\u017eele odprta tudi zahodna tribuna.<\/p>\n<p>Pri klubu so ob tem izrazili zadovoljstvo in se za pomo\u010d zahvalili Uefi ter njenemu predsedniku Aleksandru \u010ceferinu. \u00bbUspelo je! Vlo\u017een trud in vsa prizadevanja kluba, ob pomo\u010di Uefe in gospoda Aleksandra \u010ceferina, ki se mu Nogometni klub Celje ob tej prilo\u017enosti iskreno in najlep\u0161e zahvaljuje, so popla\u010dani!\u00ab so sporo\u010dili iz celjskega kluba.<\/p>\n<p>    <a class=\"se-card__wrap se-card--link\" href=\"https:\/\/www.dnevnik.si\/sport\/nogomet\/bodo-koprski-nogometasi-domace-tekme-igrali-v-dravogradu-2821973\/\" data-upscore-url=\"\" rel=\"nofollow noopener\" target=\"_blank\"><\/p>\n<p>        <img decoding=\"async\" class=\"se-image se-image--card\" src=\"https:\/\/www.europesays.com\/si\/wp-content\/uploads\/2026\/08\/Wide-LUKA9876-400.webp\" alt=\"Zoran Zeljkovi\u0107 18.4..2026 - nogomet Radomlje - Koper - Foto: Luka Cjuha\"\/><\/p>\n<p>Prva liga<\/p>\n<p>Bodo koprski nogometa\u0161i doma\u010de tekme igrali v Dravogradu?<\/p>\n<p>    <\/a><\/p>\n<p>Odprtje zahodne tribune pomeni dodatna mesta za gledalce na eni najpomembnej\u0161ih tekem v zgodovini celjskega kluba. V Celju je tako \u017ee mogo\u010de \u010dutiti, da se pribli\u017euje velik evropski nogometni ve\u010der.<\/p>\n<p>Obra\u010dun Celje \u2013 Slovan Bratislava bo na stadionu Z&#8217;de\u017eele 26. avgusta, prvi del tega slovensko-slova\u0161kega obra\u010duna pa bo v sredo v slova\u0161ki prestolnici.<\/p>\n","protected":false},"excerpt":{"rendered":"Celjani bodo imeli na odlo\u010dilni tekmi za preboj v ligo prvakov veliko podporo s tribun. Foto: STA \u010ceferin&hellip;\n","protected":false},"author":2,"featured_media":194438,"comment_status":"","ping_status":"","sticky":false,"template":"","format":"standard","meta":{"footnotes":"","_share_on_mastodon":"0"},"categories":[23],"tags":[1374,162,1372,62,44361,37,58,60,38],"class_list":["post-194437","post","type-post","status-publish","format-standard","has-post-thumbnail","category-celje","tag-aleksander-ceferin","tag-celje","tag-liga-prvakov","tag-si","tag-slovan-bratislava","tag-slovene","tag-slovenia","tag-slovenija","tag-slovenscina"],"share_on_mastodon":{"url":"https:\/\/pubeurope.com\/@si\/117111564931740522","error":""},"_links":{"self":[{"href":"https:\/\/www.europesays.com\/si\/wp-json\/wp\/v2\/posts\/194437","targetHints":{"allow":["GET"]}}],"collection":[{"href":"https:\/\/www.europesays.com\/si\/wp-json\/wp\/v2\/posts"}],"about":[{"href":"https:\/\/www.europesays.com\/si\/wp-json\/wp\/v2\/types\/post"}],"author":[{"embeddable":true,"href":"https:\/\/www.europesays.com\/si\/wp-json\/wp\/v2\/users\/2"}],"replies":[{"embeddable":true,"href":"https:\/\/www.europesays.com\/si\/wp-json\/wp\/v2\/comments?post=194437"}],"version-history":[{"count":0,"href":"https:\/\/www.europesays.com\/si\/wp-json\/wp\/v2\/posts\/194437\/revisions"}],"wp:featuredmedia":[{"embeddable":true,"href":"https:\/\/www.europesays.com\/si\/wp-json\/wp\/v2\/media\/194438"}],"wp:attachment":[{"href":"https:\/\/www.europesays.com\/si\/wp-json\/wp\/v2\/media?parent=194437"}],"wp:term":[{"taxonomy":"category","embeddable":true,"href":"https:\/\/www.europesays.com\/si\/wp-json\/wp\/v2\/categories?post=194437"},{"taxonomy":"post_tag","embeddable":true,"href":"https:\/\/www.europesays.com\/si\/wp-json\/wp\/v2\/tags?post=194437"}],"curies":[{"name":"wp","href":"https:\/\/api.w.org\/{rel}","templated":true}]}}