{"id":194647,"date":"2026-08-17T19:01:09","date_gmt":"2026-08-17T19:01:09","guid":{"rendered":"https:\/\/www.europesays.com\/si\/194647\/"},"modified":"2026-08-17T19:01:09","modified_gmt":"2026-08-17T19:01:09","slug":"biatlonec-navdusil-na-kolesu-se-bo-sploh-se-vrnil-na-smuci","status":"publish","type":"post","link":"https:\/\/www.europesays.com\/si\/194647\/","title":{"rendered":"Biatlonec navdu\u0161il na kolesu. Se bo sploh \u0161e vrnil na smu\u010di?"},"content":{"rendered":"<p>Francoski biatlonec, ve\u010dkratni svetovni in olimpijski prvak s \u0161tafeto na leto\u0161njih igrah v Milanu in Cortini, Emilien Jacquelin, je navdu\u0161il v kolesarskem debiju na dirki La Polynormande, kjer se je odli\u010dno zna\u0161el v vlogi pomo\u010dnika, celo do te mere, da so ga morali \u0161portni direktorji ekipe Decathlon CMA CGM brzdati. &#8220;V nekem trenutku smo mu rekli, naj po\u010daka in neha kolesariti,&#8221; je bil s po\u017ertvovalnim nastopom 31-letnega Grenoble\u010dana zadovoljen njegov mo\u0161tveni kolega Paul Lapeira.<\/p>\n<p>Odli\u010dni francoski biatlonec Emilien Jacquelin je \u017ee na leto\u0161njih olimpijskih igrah v Italiji svojo ljubezen do kolesarstva kazal z <a href=\"https:\/\/siol.net\/sportal\/olimpizem\/ganljiva-gesta-francoskega-sampiona-v-spomin-na-italijansko-legendo-684561\" rel=\"follow nofollow noopener\" target=\"_blank\">uhanom, ki ga je nosil v po\u010dastitev svojega idola Marca Pantanija<\/a>. S francosko \u0161tafeto je osvojil zlato, nato pa napovedal, da se bo poleti preizkusil v profesionalnem kolesarstvu. Prilo\u017enost mu je ponudila ekipa Decathlon CMA CGM, za katero je na uradni dirki debitiral v nedeljo v Franciji.<\/p>\n<p>Na enodnevni dirki La Polynormande je dobil mesto v ekipi ob Paulu Lapeiru, Pierru Gautheratu, Noi Isidori, Antoinu L&#8217;Hoti, Brandenu Reitzu in Mariusu Innhaugu Dahlu, zadol\u017een pa je bil za narekovanje tempa. Nalogo je opravil izvrstno, je za televizijo Novo 19 po dirki povedal njegov pet let mlaj\u0161i, a v kolesarstvu precej bolj izku\u0161eni kolega Lapeira: &#8220;Na za\u010detku smo mu rekli, da mu ne bo nujno treba takoj za\u010deti vle\u010di, naposled pa se je sam prebil na \u010delo in za\u010del narekovati tempo. V nekem trenutku smo mu celo rekli, naj po\u010daka in neha kolesariti. Poln sem ob\u010dudovanja do takega fanta.&#8221;<\/p>\n<p>Garal za ekipo na \u010delu glavnine<\/p>\n<p>Jacquelin je na 168,9 kilometra dolgi dirki zasedel 88. mesto, pristavil pa je pomemben del\u010dek v mozaik ekipnega uspeha, ki pa ni bil okronan z zmago. Najbolj\u0161i mo\u017e ekipe Decathlon je bil naposled Isidore, ki je v ciljnem sprintu zasedel nehvale\u017eno \u010detrto mesto\u00a0za zmagovalcem Hugom Pagejem (Cofidis), Sandyjem Dujardinom (TotalEnergies) in Alexom Aranburujem (Cofidis).<\/p>\n<p>&#8220;\u017drtvoval se je. Naredil je celo ve\u010d, kot smo ga prosili,&#8221; je debitanta \u0161e pohvalil Lapeira, ki je dirko kon\u010dal na 13. mestu. Jacquelin je ve\u010dji del dirke pre\u017eivel na \u010delu glavnine, popustil pa je 50 kilometrov pred ciljem. Dirka s \u0161tartom v Avranchesu in ciljem v Saint Martinu de Landellesu ni bila \u0161ala, razgibana etapa je imela okoli 2.200 vi\u0161incev, zmagovalcu pa so namerili povpre\u010dno hitrost prek 44 km\/h.<\/p>\n<p><img decoding=\"async\" alt=\"Z Ericom Perrotom, Quentinom Fillonom Mailletom in Fabienom Claudom je letos v Anterselvi osvojil zlato olimpijsko kolajno v biatlonski \u0161tafeti. | Foto: Guliverimage\" class=\"article_content__inline_image js_imageLightbox is-clickable\" data-author=\"Guliverimage\" data-caption=\"Z Ericom Perrotom, Quentinom Fillonom Mailletom in Fabienom Claudom je letos v Anterselvi osvojil zlato olimpijsko kolajno v biatlonski \u0161tafeti.\" data-height=\"4543\" data-href=\"https:\/\/siol.net\/media\/img\/a6\/33\/6237a799221006132371-emilien-jacquelin.jpeg\" data-width=\"6814\" loading=\"lazy\" src=\"\/media\/img\/ee\/6f\/86536008979cd103e713-emilien-jacquelin.jpeg\" title=\"Emilien Jacquelin\"\/><\/p>\n<p> Z Ericom Perrotom, Quentinom Fillonom Mailletom in Fabienom Claudom je letos v Anterselvi osvojil zlato olimpijsko kolajno v biatlonski \u0161tafeti.<br \/>\n Foto: Guliverimage <\/p>\n<p>Lapeira v vlogi mentorja<\/p>\n<p>26-letni Lapeira se je tokrat zna\u0161el v vlogi mentorja \u0161portniku, ki v Franciji u\u017eiva velik ugled. Jacquelin, ki se je po februarskih olimpijskih igrah pridru\u017eil Decathlonovemu projektu NewGen in se ve\u010d mesecev posebej pripravljal na svoje prve profesionalne dirke, meseca maja pa do\u017eivel tudi manj prijeten kolesarski krst z zlomom klju\u010dnice pri padcu na treningu, je bil dober vajenec. &#8220;Sme\u0161no je, ker je sem pri\u0161el z otro\u0161kimi o\u010dmi in poslu\u0161a nasvete, \u010deprav je pet ali \u0161est let starej\u0161i od mene. \u0160e nikoli prej nisem svetoval nekomu, starej\u0161emu od mene. Res je bilo super do\u017eiveti nekaj takega. Upam, da bo lahko \u0161e malo dlje nadaljeval s kolesarjenjem, \u010de bo to mogo\u010de,&#8221; je poro\u010dal Lapeira.<\/p>\n<p>Se bo sploh \u0161e vrnil v biatlon?<\/p>\n<p>In kaj to pomeni za nadaljevanje Jacquelinove biatlonske kariere? Na to vpra\u0161anje 31-letnik \u0161e nima odgovora. Avgusta ima namre\u010d v na\u010drtu \u0161e dve kolesarski dirki; \u017ee jutri za\u010denja z etapno preizku\u0161njo Tour du Limousin-P\u00e9rigord\u2013Nouvelle Aquitaine, 24. avgusta pa naj bi v dresu francoske reprezentance nastopil \u0161e na cestni dirki Sredozemskih iger v Tarantu v Italiji, poro\u010da CyclingUpToDate. Glavni trener francoske biatlonske reprezentance Simon Fourcade Jacquelina na pripravah pri\u010dakuje konec avgusta ali v za\u010detku septembra. Morebitni kasnej\u0161i prihod bi pomenil prilagoditev programa, morda celo izpustitev celotne sezone. Emilien je za L&#8217;Equipe povedal, da o biatlonu trenutno sploh ne razmi\u0161lja.<\/p>\n<p>Preberite \u0161e:<\/p>\n","protected":false},"excerpt":{"rendered":"Francoski biatlonec, ve\u010dkratni svetovni in olimpijski prvak s \u0161tafeto na leto\u0161njih igrah v Milanu in Cortini, Emilien Jacquelin,&hellip;\n","protected":false},"author":2,"featured_media":194648,"comment_status":"","ping_status":"","sticky":false,"template":"","format":"standard","meta":{"footnotes":"","_share_on_mastodon":"0"},"categories":[16],"tags":[562,39522,10360,618,62,37,58,60,38,94,93],"class_list":["post-194647","post","type-post","status-publish","format-standard","has-post-thumbnail","category-sport","tag-biatlon","tag-decathlon-cma-cgm","tag-emilien-jacquelin","tag-kolesarstvo","tag-si","tag-slovene","tag-slovenia","tag-slovenija","tag-slovenscina","tag-sport","tag-sports"],"share_on_mastodon":{"url":"https:\/\/pubeurope.com\/@si\/117112398525060298","error":""},"_links":{"self":[{"href":"https:\/\/www.europesays.com\/si\/wp-json\/wp\/v2\/posts\/194647","targetHints":{"allow":["GET"]}}],"collection":[{"href":"https:\/\/www.europesays.com\/si\/wp-json\/wp\/v2\/posts"}],"about":[{"href":"https:\/\/www.europesays.com\/si\/wp-json\/wp\/v2\/types\/post"}],"author":[{"embeddable":true,"href":"https:\/\/www.europesays.com\/si\/wp-json\/wp\/v2\/users\/2"}],"replies":[{"embeddable":true,"href":"https:\/\/www.europesays.com\/si\/wp-json\/wp\/v2\/comments?post=194647"}],"version-history":[{"count":0,"href":"https:\/\/www.europesays.com\/si\/wp-json\/wp\/v2\/posts\/194647\/revisions"}],"wp:featuredmedia":[{"embeddable":true,"href":"https:\/\/www.europesays.com\/si\/wp-json\/wp\/v2\/media\/194648"}],"wp:attachment":[{"href":"https:\/\/www.europesays.com\/si\/wp-json\/wp\/v2\/media?parent=194647"}],"wp:term":[{"taxonomy":"category","embeddable":true,"href":"https:\/\/www.europesays.com\/si\/wp-json\/wp\/v2\/categories?post=194647"},{"taxonomy":"post_tag","embeddable":true,"href":"https:\/\/www.europesays.com\/si\/wp-json\/wp\/v2\/tags?post=194647"}],"curies":[{"name":"wp","href":"https:\/\/api.w.org\/{rel}","templated":true}]}}