{"id":194920,"date":"2026-08-18T03:34:15","date_gmt":"2026-08-18T03:34:15","guid":{"rendered":"https:\/\/www.europesays.com\/si\/194920\/"},"modified":"2026-08-18T03:34:15","modified_gmt":"2026-08-18T03:34:15","slug":"ceferin-priskocil-na-pomoc-celjanom-izvrstne-novice-iz-knezjega-mesta","status":"publish","type":"post","link":"https:\/\/www.europesays.com\/si\/194920\/","title":{"rendered":"\u010ceferin prisko\u010dil na pomo\u010d Celjanom, izvrstne novice iz kne\u017ejega mesta!"},"content":{"rendered":"<p>Za odlo\u010dilni dvoboj za uvrstitev v skupinski del lige prvakov bodo Celjani lahko odprli tudi zahodno tribuno in gostili ve\u010d ko 13.000 navija\u010dev.<\/p>\n<p>Pred nogometa\u0161i Celja sta zgodovinska dva tedna, ko se bodo nogometa\u0161i iz kne\u017ejega mesta borili za svojo premierno uvrstitev v najelitnej\u0161e evropsko klubsko tekmovanje, slovito ligo prvakov.<\/p>\n<p>Zadnja prepreka na poti Celjanov je slova\u0161ki Slovan Bratislava, s katerim se bodo najprej ta \u010detrtek ob 21. uri pomerili v Bratislavi, preden jih to\u010dno teden kasneje \u010daka \u0161e povratni obra\u010dun na stadionu Z&#8217;de\u017eele, na katerem bo celjske nogometa\u0161e lahko vzpodbujalo ve\u010d kot 13.000 navija\u010dev!<\/p>\n<p>Evropska nogometna zveza (Uefa) in njen predsednik\u00a0Aleksander \u010ceferin\u00a0sta namre\u010d ugodila pro\u0161nji Celjanov, da bi na najve\u010dji tekmi v njihovi zgodovini lahko odprli tudi zahodno tribuno, ki sicer ne izpolnjuje vseh predpisov ter tako na evropskih obra\u010dunih na\u010deloma ostaja zaprta.<\/p>\n<p>A v preteklosti je Uefa \u017ee zami\u017eala na eno oko ter Celjanom dovolila izjemoma odpreti zahodno tribuno za spektakel s Fiorentino, ko so leta 2025 Celjani gostili italijanskega velikana v \u010detrtfinalnem obra\u010dunu konferen\u010dne lige.<\/p>\n<p><img decoding=\"async\" alt=\"nogomet liga prvakov, kvalifikacije, 2. krog, Celje - Egnatia | Avtor: Sa\u0161a Despot\" class=\"rwd\" data-href=\"https:\/\/www.zurnal24.si\/media\/img\/b1\/6c\/2d3d7b08be654ba008ed.jpeg\" itemprop=\"image\" src=\"\/media\/img\/4d\/80\/5e1cc786cfda887eec5a.jpeg\"\/><\/p>\n<p>                Sa\u0161a Despot<\/p>\n<p>Ker je bil tudi tokrat naval na vstopnice neverjeten in so Celjani v rekordnem \u010dasu razprodali vse karte, ki so jih imeli na voljo, so se na Uefo obrnili s pro\u0161njo, da jim dovoli odpreti tudi zahodno tribuno, na kateri se nahaja \u0161e dodatnih pet tiso\u010d sede\u017eev.<\/p>\n<p>In Uefa je odobrila pro\u0161nji Celjanov, ki bodo tako na najpomembnej\u0161i tekmi v zgodovini kluba, ko bo prvi\u010d na stadionu Z&#8217;de\u017eele donela tudi himna lige prvakov (kot je \u017ee tradicija v finalnem krogu kvalifikacij), lahko gostili ve\u010d kot 13.000 navija\u010dev.<\/p>\n<p>&#8220;Vlo\u017een trud in vsa prizadevanja kluba ob pomo\u010di Uefe in gospoda\u00a0Aleksandra \u010ceferina, ki se mu NK Celje ob tej prilo\u017enosti iskreno in najlep\u0161e zahvaljuje, so popla\u010dani! Na zgodovinski tekmi play-offa kvalifikacij za ligo prvakov med NK Celje in \u0160K Slovan Bratislava bo na celjskem stadionu Z&#8217;de\u017eele odprta tudi tribuna Zahod,&#8221; so v ponedeljek navdu\u0161eno sporo\u010dili iz kne\u017ejega mesta.<\/p>\n<p>Celje in Slovan Bratislava si bosta sicer v kvalifikacijah za ligo prvakov stala nasproti \u017ee drugi\u010d v zadnjih treh sezonah. Predlani sta se namre\u010d kluba pomerila v \u010detrtfinalnem krogu kvalifikacij, v katerem pa je bila uspe\u0161nej\u0161a slova\u0161ka zasedba, ki je po remiju\u00a0v Celju (1:1) suvereno odpravila slovensko ekipo na gostovanju v Bratislavi s kar 5:0. A Celjani verjamejo, da bo\u00a0tudi s pomo\u010djo ve\u010d kot 13.000 navija\u010dev na stadionu Z&#8217;de\u017eele tokrat razplet druga\u010den.<\/p>\n","protected":false},"excerpt":{"rendered":"Za odlo\u010dilni dvoboj za uvrstitev v skupinski del lige prvakov bodo Celjani lahko odprli tudi zahodno tribuno in&hellip;\n","protected":false},"author":2,"featured_media":194921,"comment_status":"","ping_status":"","sticky":false,"template":"","format":"standard","meta":{"footnotes":"","_share_on_mastodon":"0"},"categories":[16],"tags":[1374,1372,134,264,62,44361,37,58,60,38,94,93,3923,1376],"class_list":["post-194920","post","type-post","status-publish","format-standard","has-post-thumbnail","category-sport","tag-aleksander-ceferin","tag-liga-prvakov","tag-nk-celje","tag-nogomet","tag-si","tag-slovan-bratislava","tag-slovene","tag-slovenia","tag-slovenija","tag-slovenscina","tag-sport","tag-sports","tag-stadion-zdezele","tag-uefa"],"share_on_mastodon":{"url":"https:\/\/pubeurope.com\/@si\/117114415948023933","error":""},"_links":{"self":[{"href":"https:\/\/www.europesays.com\/si\/wp-json\/wp\/v2\/posts\/194920","targetHints":{"allow":["GET"]}}],"collection":[{"href":"https:\/\/www.europesays.com\/si\/wp-json\/wp\/v2\/posts"}],"about":[{"href":"https:\/\/www.europesays.com\/si\/wp-json\/wp\/v2\/types\/post"}],"author":[{"embeddable":true,"href":"https:\/\/www.europesays.com\/si\/wp-json\/wp\/v2\/users\/2"}],"replies":[{"embeddable":true,"href":"https:\/\/www.europesays.com\/si\/wp-json\/wp\/v2\/comments?post=194920"}],"version-history":[{"count":0,"href":"https:\/\/www.europesays.com\/si\/wp-json\/wp\/v2\/posts\/194920\/revisions"}],"wp:featuredmedia":[{"embeddable":true,"href":"https:\/\/www.europesays.com\/si\/wp-json\/wp\/v2\/media\/194921"}],"wp:attachment":[{"href":"https:\/\/www.europesays.com\/si\/wp-json\/wp\/v2\/media?parent=194920"}],"wp:term":[{"taxonomy":"category","embeddable":true,"href":"https:\/\/www.europesays.com\/si\/wp-json\/wp\/v2\/categories?post=194920"},{"taxonomy":"post_tag","embeddable":true,"href":"https:\/\/www.europesays.com\/si\/wp-json\/wp\/v2\/tags?post=194920"}],"curies":[{"name":"wp","href":"https:\/\/api.w.org\/{rel}","templated":true}]}}