{"id":195096,"date":"2026-08-18T07:37:09","date_gmt":"2026-08-18T07:37:09","guid":{"rendered":"https:\/\/www.europesays.com\/si\/195096\/"},"modified":"2026-08-18T07:37:09","modified_gmt":"2026-08-18T07:37:09","slug":"grozljivka-na-stajerskem-oce-z-nozem-nad-lastno-hcerko","status":"publish","type":"post","link":"https:\/\/www.europesays.com\/si\/195096\/","title":{"rendered":"Grozljivka na \u0160tajerskem: O\u010de z no\u017eem nad lastno h\u010derko"},"content":{"rendered":"<p>V avstrijskem Kumbergu so aretirali 37-letnega o\u010deta, ki ga sumijo, da je svojo osemletno h\u010derko zabodel do smrti.<\/p>\n<p>V nadaljevanju preberite:<\/p>\n<p>37-letni o\u010de naj bi v Kumbergu z no\u017eem napadel svojo osemletno h\u010der.<br \/>\nDeklica je zaradi hudih po\u0161kodb po prihodu v bolni\u0161nico umrla, o\u010deta pa so po oskrbi aretirali.<br \/>\nMotiv napada \u0161e ni znan, preiskavo vodi \u0161tajerski dr\u017eavni urad kriminalisti\u010dne policije.<\/p>\n<p>V ponedeljek zve\u010der so bile re\u0161evalne slu\u017ebe okoli 22.45 prek klica na \u0161tevilko 911 obve\u0161\u010dene, da 37-letni mo\u0161ki v mestu Kumberg <a href=\"https:\/\/www.zurnal24.si\/slovenija\/crna-kronika\/potrjeno-57-letnik-umrl-nasilne-smrti-384123\" rel=\"nofollow noopener\" target=\"_blank\">napada <\/a>svojo osemletno h\u010der. Ob prihodu ve\u010d <a href=\"https:\/\/www.zurnal24.si\/svet\/britansko-prostovoljko-nasli-mrtvo-v-kovcku-policija-prijela-znanega-boksarja-463172\" rel=\"nofollow noopener\" target=\"_blank\">policijskih <\/a>enot so mo\u0161kega na\u0161li v kopalnici hi\u0161e z urezninami. O\u010ditno si je te po\u0161kodbe povzro\u010dil sam v poskusu samomora, potem ko je z no\u017eem napadel svojo h\u010der.<\/p>\n<p>Obse\u017ena intervencija<\/p>\n<p>Deklici so na kraju dogodka nemudoma nudili prvo pomo\u010d ter jo nato odpeljali v LKH Graz. Kmalu po sprejemu v bolni\u0161nico pa je deklica zaradi hudih po\u0161kodb <a href=\"https:\/\/www.zurnal24.si\/slovenija\/crna-kronika\/smrt-avstrijske-vplivnice-v-sloveniji-dobiva-nove-razseznosti-463336\" rel=\"nofollow noopener\" target=\"_blank\">umrla<\/a>. V bolni\u0161nico so odpeljali tudi njenega 37-letnega o\u010deta, kjer so ga zdravni\u0161ko oskrbeli. Policija ga je nato aretirala in premestila v policijski prostor za pridr\u017eanje, poro\u010da oe24.<\/p>\n<p>Natan\u010dne okoli\u0161\u010dine in motiv dejanja niso znani. Preiskavo je prevzel \u0161tajerski dr\u017eavni urad kriminalisti\u010dne policije.<\/p>\n<p><a href=\"https:\/\/www.zurnal24.si\/svet\/mailto:dezurni@styria-media.si\" rel=\"nofollow noopener\" target=\"_blank\">dezurni@styria-media.si<\/a><\/p>\n","protected":false},"excerpt":{"rendered":"V avstrijskem Kumbergu so aretirali 37-letnega o\u010deta, ki ga sumijo, da je svojo osemletno h\u010derko zabodel do smrti.&hellip;\n","protected":false},"author":2,"featured_media":195097,"comment_status":"","ping_status":"","sticky":false,"template":"","format":"standard","meta":{"footnotes":"","_share_on_mastodon":"0"},"categories":[8],"tags":[360,2693,6705,817,326,76,37,38,64,2233,63],"class_list":["post-195096","post","type-post","status-publish","format-standard","has-post-thumbnail","category-svet","tag-avstrija","tag-kronika","tag-nasilje-v-druzini","tag-otrok","tag-policija","tag-preiskava","tag-slovene","tag-slovenscina","tag-svet","tag-umor","tag-world"],"share_on_mastodon":{"url":"https:\/\/pubeurope.com\/@si\/117115371600135928","error":""},"_links":{"self":[{"href":"https:\/\/www.europesays.com\/si\/wp-json\/wp\/v2\/posts\/195096","targetHints":{"allow":["GET"]}}],"collection":[{"href":"https:\/\/www.europesays.com\/si\/wp-json\/wp\/v2\/posts"}],"about":[{"href":"https:\/\/www.europesays.com\/si\/wp-json\/wp\/v2\/types\/post"}],"author":[{"embeddable":true,"href":"https:\/\/www.europesays.com\/si\/wp-json\/wp\/v2\/users\/2"}],"replies":[{"embeddable":true,"href":"https:\/\/www.europesays.com\/si\/wp-json\/wp\/v2\/comments?post=195096"}],"version-history":[{"count":0,"href":"https:\/\/www.europesays.com\/si\/wp-json\/wp\/v2\/posts\/195096\/revisions"}],"wp:featuredmedia":[{"embeddable":true,"href":"https:\/\/www.europesays.com\/si\/wp-json\/wp\/v2\/media\/195097"}],"wp:attachment":[{"href":"https:\/\/www.europesays.com\/si\/wp-json\/wp\/v2\/media?parent=195096"}],"wp:term":[{"taxonomy":"category","embeddable":true,"href":"https:\/\/www.europesays.com\/si\/wp-json\/wp\/v2\/categories?post=195096"},{"taxonomy":"post_tag","embeddable":true,"href":"https:\/\/www.europesays.com\/si\/wp-json\/wp\/v2\/tags?post=195096"}],"curies":[{"name":"wp","href":"https:\/\/api.w.org\/{rel}","templated":true}]}}