{"id":196860,"date":"2026-08-19T17:47:07","date_gmt":"2026-08-19T17:47:07","guid":{"rendered":"https:\/\/www.europesays.com\/si\/196860\/"},"modified":"2026-08-19T17:47:07","modified_gmt":"2026-08-19T17:47:07","slug":"faucijev-svetovalec-priznal-krivdo-za-zaroto-pri-covidu-19","status":"publish","type":"post","link":"https:\/\/www.europesays.com\/si\/196860\/","title":{"rendered":"Faucijev svetovalec priznal krivdo za zaroto pri covidu-19"},"content":{"rendered":"<p>David Morens, nekdanji svetovalec <a href=\"https:\/\/www.delo.si\/novice\/svet\/fauci-molcal-o-covidu-grozi-mu-postopek-zaradi-nespostovanja-kongresa\" target=\"_blank\" rel=\"nofollow noopener\">strokovnjaka za nalezljive bolezni Anthonyja Faucija<\/a>, je, kot poro\u010da Guardian,\u00a0priznal krivdo za zaroto, katere namen je bil izogniti se zakonodaji o dostopu do javnih dokumentov in prikriti vladne dokumente, povezane s financiranjem raziskav ter pandemijo covida-19.<\/p>\n<p>Morens, ki je med pandemijo delal kot visoki uradnik ameri\u0161kega Nacionalnega in\u0161tituta za alergije in nalezljive bolezni (NIAID), je krivdo po obto\u017ebi zarote priznal na zasli\u0161anju pred zveznim sodi\u0161\u010dem v Greenbeltu v ameri\u0161ki zvezni dr\u017eavi Maryland.<\/p>\n<p>Oviranje\u00a0zahteve za dostop do javnih dokumentov<\/p>\n<p>Morens, star 78 let,\u00a0je bil aprila obto\u017een zaradi dejanj, povezanih s shemo, s katero naj bi po navedbah to\u017eilcev od aprila 2020 naprej oviral zahteve za dostop do javnih dokumentov, ki jih je agencija prejemala v zvezi z raziskovalnimi sredstvi za covid-19. Ko mu bodo 12. novembra izrekli kazen, mu grozi do pet let zapora.<\/p>\n<p>\u00bbDr. Morens je z dana\u0161njim priznanjem krivde prevzel odgovornost za svoja dejanja in jo bo prevzemal tudi v prihodnje,\u00ab je v izjavi dejal njegov odvetnik Timothy Belevetz.<\/p>\n<p>Priznanje krivde je sledilo nastopu Faucija, ki je NIAID vodil 38 let in med pandemijo postal eden najbolj prepoznavnih obrazov ameri\u0161kega odziva na covid-19. Prej\u0161nji mesec je nastopil pred odborom ameri\u0161kega senata in se ve\u010dkrat skliceval na pravico, da mu ni treba pri\u010dati zoper samega sebe. Republikanskega senatorja Randa Paula, dolgoletnega politi\u010dnega nasprotnika iz Kentuckyja, je obto\u017eil, da vodi \u00bbnebrzdano\u00ab kampanjo, katere cilj je dose\u010di njegovo zaprtje.<\/p>\n<p>To\u017eilci so navedli, da je Morensovo priznanje krivde povezano z odlo\u010ditvijo Nacionalnega in\u0161tituta za zdravje (NIH), da odpove raziskovalno nepovratno financiranje, povezano z netopirskimi koronavirusi. Odlo\u010ditev je temeljila na trditvah, da naj bi covid-19 izviral iz laboratorija v Wuhanu. Laboratorij na Kitajskem je prejemal del sredstev prek podjetja, ki mu je bilo odobreno osnovno financiranje.<\/p>\n<p>Po navedbah to\u017eilcev je Morens obljubil, da bo pomagal dose\u010di obnovitev financiranja raziskav netopirskih koronavirusov in se zoperstavil razlagi, da je covid-19 u\u0161el iz laboratorija.<\/p>\n","protected":false},"excerpt":{"rendered":"David Morens, nekdanji svetovalec strokovnjaka za nalezljive bolezni Anthonyja Faucija, je, kot poro\u010da Guardian,\u00a0priznal krivdo za zaroto, katere&hellip;\n","protected":false},"author":2,"featured_media":196861,"comment_status":"","ping_status":"","sticky":false,"template":"","format":"standard","meta":{"footnotes":"","_share_on_mastodon":"0"},"categories":[8],"tags":[44426,14127,48919,37,38,2274,64,63],"class_list":["post-196860","post","type-post","status-publish","format-standard","has-post-thumbnail","category-svet","tag-anthony-fauci","tag-covid-19","tag-david-morens","tag-slovene","tag-slovenscina","tag-sojenje","tag-svet","tag-world"],"share_on_mastodon":{"url":"https:\/\/pubeurope.com\/@si\/117123432096801982","error":""},"_links":{"self":[{"href":"https:\/\/www.europesays.com\/si\/wp-json\/wp\/v2\/posts\/196860","targetHints":{"allow":["GET"]}}],"collection":[{"href":"https:\/\/www.europesays.com\/si\/wp-json\/wp\/v2\/posts"}],"about":[{"href":"https:\/\/www.europesays.com\/si\/wp-json\/wp\/v2\/types\/post"}],"author":[{"embeddable":true,"href":"https:\/\/www.europesays.com\/si\/wp-json\/wp\/v2\/users\/2"}],"replies":[{"embeddable":true,"href":"https:\/\/www.europesays.com\/si\/wp-json\/wp\/v2\/comments?post=196860"}],"version-history":[{"count":0,"href":"https:\/\/www.europesays.com\/si\/wp-json\/wp\/v2\/posts\/196860\/revisions"}],"wp:featuredmedia":[{"embeddable":true,"href":"https:\/\/www.europesays.com\/si\/wp-json\/wp\/v2\/media\/196861"}],"wp:attachment":[{"href":"https:\/\/www.europesays.com\/si\/wp-json\/wp\/v2\/media?parent=196860"}],"wp:term":[{"taxonomy":"category","embeddable":true,"href":"https:\/\/www.europesays.com\/si\/wp-json\/wp\/v2\/categories?post=196860"},{"taxonomy":"post_tag","embeddable":true,"href":"https:\/\/www.europesays.com\/si\/wp-json\/wp\/v2\/tags?post=196860"}],"curies":[{"name":"wp","href":"https:\/\/api.w.org\/{rel}","templated":true}]}}