{"id":197551,"date":"2026-08-20T08:58:13","date_gmt":"2026-08-20T08:58:13","guid":{"rendered":"https:\/\/www.europesays.com\/si\/197551\/"},"modified":"2026-08-20T08:58:13","modified_gmt":"2026-08-20T08:58:13","slug":"v-prometni-nesreci-umrl-59-letni-motorist","status":"publish","type":"post","link":"https:\/\/www.europesays.com\/si\/197551\/","title":{"rendered":"V prometni nesre\u010di umrl 59-letni motorist"},"content":{"rendered":"<p>\t\t\t\t\t\t\t\t<a href=\"https:\/\/www.europesays.com\/si\/wp-content\/uploads\/2026\/08\/65682769.jpg\" itemprop=\"contentUrl\" data-size=\"1200x800\" data-large=\"https:\/\/www.europesays.com\/si\/wp-content\/uploads\/2026\/08\/65682769.jpg\"><br \/>\n\t\t\t\t\t\t\t\t\t<img decoding=\"async\" src=\"https:\/\/www.europesays.com\/si\/wp-content\/uploads\/2026\/08\/65682769.jpg\" title=\"Policisti okoli\u0161\u010dine nesre\u010de \u0161e preiskujejo.  Foto: BoBo\" alt=\"Policisti okoli\u0161\u010dine nesre\u010de \u0161e preiskujejo.  Foto: BoBo\"\/><br \/>\n\t\t\t\t\t\t\t\t<\/a><\/p>\n<p>\t\t\t\t\t\t\t\t\tPolicisti okoli\u0161\u010dine nesre\u010de \u0161e preiskujejo.  Foto: BoBo<\/p>\n<p>\t\t\t\t\t\t\t<a id=\"preferredSourceBanner\" href=\"https:\/\/www.rtvslo.si\/crna-kronika\/v-prometni-nesreci-umrl-59-letni-motorist\/javascript:void(0)\" target=\"_blank\" class=\"d-none align-items-center justify-content-between rounded my-3\" style=\"padding: 10px 15px;\" rel=\"nofollow noopener\"><br \/>\n\t\t\t\t\t\t<img decoding=\"async\" src=\"https:\/\/img.rtvslo.si\/_static\/novi\/img\/ico-google.svg\" class=\"flex-shrink-0 mr-3\" aria-hidden=\"true\"\/><br \/>\n\t\t\t\t\t\tSpremljajte RTVSLO.si kot prednostni vir na Google<\/p>\n<p>\t\t\t\t\t<\/a><\/p>\n<p>Nesre\u010da se je po navedbah policistov zgodila ob 0.42, ko je 59-letni voznik motornega kolesa vozil od \u010crnu\u010d proti Dom\u017ealam.<\/p>\n<p>Med vo\u017enjo je iz neznanega vzroka zapeljal v levo in tr\u010dil v betonski robnik, padel z vozila na kovinsko ograjo in nato tr\u010dil v drog javne razsvetljave, kjer je oble\u017eal.<\/p>\n<p>Zaradi hudih po\u0161kodb je na kraju nesre\u010de umrl. Ljubljanski policisti okoli\u0161\u010dine nesre\u010de \u0161e preiskujejo, so \u0161e navedli na generalni policijski upravi. <\/p>\n<p>Oglas<\/p>\n","protected":false},"excerpt":{"rendered":"Policisti okoli\u0161\u010dine nesre\u010de \u0161e preiskujejo. Foto: BoBo Spremljajte RTVSLO.si kot prednostni vir na Google Nesre\u010da se je po&hellip;\n","protected":false},"author":2,"featured_media":197552,"comment_status":"","ping_status":"","sticky":false,"template":"","format":"standard","meta":{"footnotes":"","_share_on_mastodon":"0"},"categories":[21],"tags":[9053,124,7960,504,20988,215,62,37,58,60,38],"class_list":["post-197551","post","type-post","status-publish","format-standard","has-post-thumbnail","category-ljubljana","tag-hude-poskodbe","tag-ljubljana","tag-motorist","tag-policisti","tag-preiskujejo","tag-prometna-nesreca","tag-si","tag-slovene","tag-slovenia","tag-slovenija","tag-slovenscina"],"share_on_mastodon":{"url":"https:\/\/pubeurope.com\/@si\/117127014821426680","error":""},"_links":{"self":[{"href":"https:\/\/www.europesays.com\/si\/wp-json\/wp\/v2\/posts\/197551","targetHints":{"allow":["GET"]}}],"collection":[{"href":"https:\/\/www.europesays.com\/si\/wp-json\/wp\/v2\/posts"}],"about":[{"href":"https:\/\/www.europesays.com\/si\/wp-json\/wp\/v2\/types\/post"}],"author":[{"embeddable":true,"href":"https:\/\/www.europesays.com\/si\/wp-json\/wp\/v2\/users\/2"}],"replies":[{"embeddable":true,"href":"https:\/\/www.europesays.com\/si\/wp-json\/wp\/v2\/comments?post=197551"}],"version-history":[{"count":0,"href":"https:\/\/www.europesays.com\/si\/wp-json\/wp\/v2\/posts\/197551\/revisions"}],"wp:featuredmedia":[{"embeddable":true,"href":"https:\/\/www.europesays.com\/si\/wp-json\/wp\/v2\/media\/197552"}],"wp:attachment":[{"href":"https:\/\/www.europesays.com\/si\/wp-json\/wp\/v2\/media?parent=197551"}],"wp:term":[{"taxonomy":"category","embeddable":true,"href":"https:\/\/www.europesays.com\/si\/wp-json\/wp\/v2\/categories?post=197551"},{"taxonomy":"post_tag","embeddable":true,"href":"https:\/\/www.europesays.com\/si\/wp-json\/wp\/v2\/tags?post=197551"}],"curies":[{"name":"wp","href":"https:\/\/api.w.org\/{rel}","templated":true}]}}