{"id":198009,"date":"2026-08-20T15:36:15","date_gmt":"2026-08-20T15:36:15","guid":{"rendered":"https:\/\/www.europesays.com\/si\/198009\/"},"modified":"2026-08-20T15:36:15","modified_gmt":"2026-08-20T15:36:15","slug":"ponoci-huda-prometna-nesreca-v-ljubljani-umrl-motorist","status":"publish","type":"post","link":"https:\/\/www.europesays.com\/si\/198009\/","title":{"rendered":"Pono\u010di huda prometna nesre\u010da v Ljubljani: umrl motorist"},"content":{"rendered":"<p>Na \u0160tajerski cesti v Ljubljani se je danes okoli ene ure zjutraj zgodila prometna nesre\u010da s smrtnim izidom, v kateri je umrl 59-letni voznik motornega kolesa, so sporo\u010dili z Generalne policijske uprave.<\/p>\n<p>Vozil naj bi iz smeri \u010crnu\u010d proti Dom\u017ealam. Med vo\u017enjo je iz neznanega vzroka zapeljal v levo in tr\u010dil v betonski robnik, padel z vozila na kovinsko ograjo in nato tr\u010dil v drog javne razsvetljave, kjer je oble\u017eal. Zaradi hudih po\u0161kodb je na kraju nesre\u010de umrl. Ljubljanski policisti okoli\u0161\u010dine nesre\u010de \u0161e preiskujejo.<\/p>\n","protected":false},"excerpt":{"rendered":"Na \u0160tajerski cesti v Ljubljani se je danes okoli ene ure zjutraj zgodila prometna nesre\u010da s smrtnim izidom,&hellip;\n","protected":false},"author":2,"featured_media":198010,"comment_status":"","ping_status":"","sticky":false,"template":"","format":"standard","meta":{"footnotes":"","_share_on_mastodon":"0"},"categories":[20],"tags":[32,7960,35,502,31,34,36,37,38,584,33],"class_list":["post-198009","post","type-post","status-publish","format-standard","has-post-thumbnail","category-novice","tag-headlines","tag-motorist","tag-najpomembnejse-novice","tag-nesreca","tag-news","tag-novice","tag-osrednje-novice","tag-slovene","tag-slovenscina","tag-smrt","tag-top-stories"],"share_on_mastodon":{"url":"https:\/\/pubeurope.com\/@si\/117128579080594958","error":""},"_links":{"self":[{"href":"https:\/\/www.europesays.com\/si\/wp-json\/wp\/v2\/posts\/198009","targetHints":{"allow":["GET"]}}],"collection":[{"href":"https:\/\/www.europesays.com\/si\/wp-json\/wp\/v2\/posts"}],"about":[{"href":"https:\/\/www.europesays.com\/si\/wp-json\/wp\/v2\/types\/post"}],"author":[{"embeddable":true,"href":"https:\/\/www.europesays.com\/si\/wp-json\/wp\/v2\/users\/2"}],"replies":[{"embeddable":true,"href":"https:\/\/www.europesays.com\/si\/wp-json\/wp\/v2\/comments?post=198009"}],"version-history":[{"count":0,"href":"https:\/\/www.europesays.com\/si\/wp-json\/wp\/v2\/posts\/198009\/revisions"}],"wp:featuredmedia":[{"embeddable":true,"href":"https:\/\/www.europesays.com\/si\/wp-json\/wp\/v2\/media\/198010"}],"wp:attachment":[{"href":"https:\/\/www.europesays.com\/si\/wp-json\/wp\/v2\/media?parent=198009"}],"wp:term":[{"taxonomy":"category","embeddable":true,"href":"https:\/\/www.europesays.com\/si\/wp-json\/wp\/v2\/categories?post=198009"},{"taxonomy":"post_tag","embeddable":true,"href":"https:\/\/www.europesays.com\/si\/wp-json\/wp\/v2\/tags?post=198009"}],"curies":[{"name":"wp","href":"https:\/\/api.w.org\/{rel}","templated":true}]}}