{"id":199660,"date":"2026-08-22T04:24:17","date_gmt":"2026-08-22T04:24:17","guid":{"rendered":"https:\/\/www.europesays.com\/si\/199660\/"},"modified":"2026-08-22T04:24:17","modified_gmt":"2026-08-22T04:24:17","slug":"plinske-zaloge-v-eu-ju-napolnjene-do-62-odstotkov-najmanj-po-letu-2009-2","status":"publish","type":"post","link":"https:\/\/www.europesays.com\/si\/199660\/","title":{"rendered":"Plinske zaloge v EU-ju napolnjene do 62 odstotkov, najmanj po letu 2009"},"content":{"rendered":"<p>\t\t\t\t\t\t\t\t<a href=\"https:\/\/www.europesays.com\/si\/wp-content\/uploads\/2026\/08\/1787372656_143_65993072.jpg\" itemprop=\"contentUrl\" data-size=\"1200x800\" data-large=\"https:\/\/www.europesays.com\/si\/wp-content\/uploads\/2026\/08\/1787372656_143_65993072.jpg\"><br \/>\n\t\t\t\t\t\t\t\t\t<img decoding=\"async\" src=\"https:\/\/www.europesays.com\/si\/wp-content\/uploads\/2026\/08\/1787372656_143_65993072.jpg\" title=\"Dansko plinsko polje Halfdan. Foto: EPA\" alt=\"Dansko plinsko polje Halfdan. Foto: EPA\"\/><br \/>\n\t\t\t\t\t\t\t\t<\/a><\/p>\n<p>\t\t\t\t\t\t\t\t\tDansko plinsko polje Halfdan. Foto: EPA<\/p>\n<p>\t\t\t\t\t\t\t<a id=\"preferredSourceBanner\" href=\"https:\/\/www.rtvslo.si\/evropska-unija\/plinske-zaloge-v-eu-ju-napolnjene-do-62-odstotkov-najmanj-po-letu-2009\/javascript:void(0)\" target=\"_blank\" class=\"d-none align-items-center justify-content-between rounded my-3\" style=\"padding: 10px 15px;\" rel=\"nofollow noopener\"><br \/>\n\t\t\t\t\t\t<img decoding=\"async\" src=\"https:\/\/img.rtvslo.si\/_static\/novi\/img\/ico-google.svg\" class=\"flex-shrink-0 mr-3\" aria-hidden=\"true\"\/><br \/>\n\t\t\t\t\t\tSpremljajte RTVSLO.si kot prednostni vir na Google<\/p>\n<p>\t\t\t\t\t<\/a><\/p>\n<p>Evropska skladi\u0161\u010da plina so bila pred letom dni v tem obdobju polna 74-odstotno, letos so krepko manj. Skladi\u0161\u010da so napolnjena pribli\u017eno 62 odstotno, kljub temu pa v Evropski komisiji menijo, da ni razlogov za skrb.<\/p>\n<p>Oglas<\/p>\n<p>&#8220;Priznam, da skladi\u0161\u010da polnimo po\u010dasneje kot v prej\u0161njih letih, toda uspe\u0161no napredujemo. Zdaj so skoraj 62-odstotno polna,&#8221; je dejala tiskovna predstavnica Evropske komisije Eva Hrn\u010dirova.<\/p>\n<p>Na po\u010dasnej\u0161e polnjenje skladi\u0161\u010d plina sta po mnenju strokovnjakov vplivala predvsem zaprtje Hormu\u0161ke o\u017eine po za\u010detku vojne med Iranom in ZDA ter izjemno visoke poletne temperature v Evropi, kar je pove\u010dalo porabo plina za hlajenje prostorov. Kljub po\u010dasnej\u0161emu polnjenju skladi\u0161\u010d v Evropski komisiji glede zalog plina pred ogrevalno sezono niso zaskrbljeni.<\/p>\n<p>\u010clanice Unije, ki imajo skladi\u0161\u010da plina, bi morale ta napolniti do 90 odstotkov najpozneje v obdobju med 1. oktobrom in 1. decembrom, vendar pa je Bruselj omogo\u010dil tudi pro\u017enost pri polnjenju skladi\u0161\u010d, da ne bi po nepotrebnem pospe\u0161eval rasti cen plina, \u010de bi \u010dlanice hitele dose\u010di predvideni cilj.<\/p>\n<p>&#8220;Poudariti \u017eelimo, da ne na\u010drtujemo povsem polnih skladi\u0161\u010d. Skladi\u0161\u010da navadno napolnimo 80-odstotno,&#8221; je \u0161e poudarila Hrn\u010dirova.<\/p>\n<p>Glavna dobaviteljica zemeljskega plina za \u010dlanice Unije je s skoraj 30 odstotki Norve\u0161ka, sledijo ji ZDA in Al\u017eirija. Katar, ki je pomemben dobavitelj za azijske trge, pa v Unijo dobavlja le okoli \u0161tiri odstotke vsega plina.<\/p>\n<p>\t\t\t\tZaloge plina v EU-ju najmanj\u0161e po letu 2009<\/p>\n<p>Oglas<\/p>\n","protected":false},"excerpt":{"rendered":"Dansko plinsko polje Halfdan. Foto: EPA Spremljajte RTVSLO.si kot prednostni vir na Google Evropska skladi\u0161\u010da plina so bila&hellip;\n","protected":false},"author":2,"featured_media":199661,"comment_status":"","ping_status":"","sticky":false,"template":"","format":"standard","meta":{"footnotes":"","_share_on_mastodon":"0"},"categories":[10],"tags":[81,5483,82,499,1104,84,83,62,49417,37,58,60,38,49416],"class_list":["post-199660","post","type-post","status-publish","format-standard","has-post-thumbnail","category-poslovni-svet","tag-business","tag-cene-plina","tag-economic","tag-evropska-komisija","tag-norveska","tag-poslovni","tag-poslovni-svet","tag-si","tag-skladisca-plina","tag-slovene","tag-slovenia","tag-slovenija","tag-slovenscina","tag-zimska-kurilna-sezona"],"share_on_mastodon":{"url":"https:\/\/pubeurope.com\/@si\/117137261617368033","error":""},"_links":{"self":[{"href":"https:\/\/www.europesays.com\/si\/wp-json\/wp\/v2\/posts\/199660","targetHints":{"allow":["GET"]}}],"collection":[{"href":"https:\/\/www.europesays.com\/si\/wp-json\/wp\/v2\/posts"}],"about":[{"href":"https:\/\/www.europesays.com\/si\/wp-json\/wp\/v2\/types\/post"}],"author":[{"embeddable":true,"href":"https:\/\/www.europesays.com\/si\/wp-json\/wp\/v2\/users\/2"}],"replies":[{"embeddable":true,"href":"https:\/\/www.europesays.com\/si\/wp-json\/wp\/v2\/comments?post=199660"}],"version-history":[{"count":0,"href":"https:\/\/www.europesays.com\/si\/wp-json\/wp\/v2\/posts\/199660\/revisions"}],"wp:featuredmedia":[{"embeddable":true,"href":"https:\/\/www.europesays.com\/si\/wp-json\/wp\/v2\/media\/199661"}],"wp:attachment":[{"href":"https:\/\/www.europesays.com\/si\/wp-json\/wp\/v2\/media?parent=199660"}],"wp:term":[{"taxonomy":"category","embeddable":true,"href":"https:\/\/www.europesays.com\/si\/wp-json\/wp\/v2\/categories?post=199660"},{"taxonomy":"post_tag","embeddable":true,"href":"https:\/\/www.europesays.com\/si\/wp-json\/wp\/v2\/tags?post=199660"}],"curies":[{"name":"wp","href":"https:\/\/api.w.org\/{rel}","templated":true}]}}