{"id":200066,"date":"2026-08-22T12:14:11","date_gmt":"2026-08-22T12:14:11","guid":{"rendered":"https:\/\/www.europesays.com\/si\/200066\/"},"modified":"2026-08-22T12:14:11","modified_gmt":"2026-08-22T12:14:11","slug":"porocila-sta-se-kaja-vidmar-in-sime-vrsaljko","status":"publish","type":"post","link":"https:\/\/www.europesays.com\/si\/200066\/","title":{"rendered":"Poro\u010dila sta se Kaja Vidmar in \u0160ime Vrsaljko"},"content":{"rendered":"<p>Slovenska igralka in manekenka Kaja Vidmar ter nekdanji hrva\u0161ki nogometa\u0161 \u0160ime Vrsaljko sta si obljubila ve\u010dno zvestobo. Poro\u010dila sta se v okolici Zadra, prve prizore njunega velikega dne pa je delil DJ, ki je bil zadol\u017een za glasbo.<\/p>\n<p>Da se kmalu bli\u017ea njun poro\u010dni dan, je bilo jasno, ko je Kaja Vidmar konec julija na svojih dru\u017ebenih omre\u017ejih <a href=\"https:\/\/siol.net\/trendi\/zvezde-in-slavni\/kmalu-se-bosta-porocila-sime-vrsaljko-in-kaja-vidmar-697311\" target=\"_blank\" rel=\"nofollow noopener\">delila utrinke s svoje dekli\u0161\u010dine<\/a>. Mesec kasneje se je par poro\u010dil v okolju\u00a0Kraljevskih vinogradov nad Petr\u010danami pri Zadru.<\/p>\n<p>Poroka v okolici Zadra<\/p>\n<p>Slovenska igralka in manekenka je blestela v elegantni beli obleki brez naramnic, v laseh pa je nosila dolgo tan\u010dico s \u010dipkastimi detajli. Nekdanji hrva\u0161ki nogometa\u0161 \u0160ime Vrsaljko\u00a0je izbral svetlo obleko v be\u017e barvi.<\/p>\n<p>Nekaj utrinkov z njunega poro\u010dnega dne je na dru\u017ebenem omre\u017eju Instagram delil DJ Luca Goya, ki je na poro\u010dnem slavju skrbel za glasbo. Mladoporo\u010dencema je zapel tudi priljubljeni hrva\u0161ki glasbenik\u00a0Petar Gra\u0161o.<\/p>\n<p>Fotografijo neveste je\u00a0delila tudi viza\u017eistka, ki je poskrbela za njen poro\u010dni make up.<\/p>\n<p>Par je v zvezi dobra \u0161tiri leta, skupaj pa imata dva otroka. Njuna h\u010di Viktorija se je rodila aprila 2022, oktobra 2023 pa sta se razveselila \u0161e rojstva sina, \u010digar ime ni znano. Vrsaljko ima iz prej\u0161njega zakona \u0161e sina Bruna.<\/p>\n<p>Preberite \u0161e:<\/p>\n","protected":false},"excerpt":{"rendered":"Slovenska igralka in manekenka Kaja Vidmar ter nekdanji hrva\u0161ki nogometa\u0161 \u0160ime Vrsaljko sta si obljubila ve\u010dno zvestobo. Poro\u010dila&hellip;\n","protected":false},"author":2,"featured_media":200067,"comment_status":"","ping_status":"","sticky":false,"template":"","format":"standard","meta":{"footnotes":"","_share_on_mastodon":"0"},"categories":[16],"tags":[585,43498,3680,62,43496,37,58,60,38,94,93,10167],"class_list":["post-200066","post","type-post","status-publish","format-standard","has-post-thumbnail","category-sport","tag-hrvaska","tag-kaja-vidmar","tag-poroka","tag-si","tag-sime-vrsaljko","tag-slovene","tag-slovenia","tag-slovenija","tag-slovenscina","tag-sport","tag-sports","tag-zadar"],"share_on_mastodon":{"url":"https:\/\/pubeurope.com\/@si\/117139109715691128","error":""},"_links":{"self":[{"href":"https:\/\/www.europesays.com\/si\/wp-json\/wp\/v2\/posts\/200066","targetHints":{"allow":["GET"]}}],"collection":[{"href":"https:\/\/www.europesays.com\/si\/wp-json\/wp\/v2\/posts"}],"about":[{"href":"https:\/\/www.europesays.com\/si\/wp-json\/wp\/v2\/types\/post"}],"author":[{"embeddable":true,"href":"https:\/\/www.europesays.com\/si\/wp-json\/wp\/v2\/users\/2"}],"replies":[{"embeddable":true,"href":"https:\/\/www.europesays.com\/si\/wp-json\/wp\/v2\/comments?post=200066"}],"version-history":[{"count":0,"href":"https:\/\/www.europesays.com\/si\/wp-json\/wp\/v2\/posts\/200066\/revisions"}],"wp:featuredmedia":[{"embeddable":true,"href":"https:\/\/www.europesays.com\/si\/wp-json\/wp\/v2\/media\/200067"}],"wp:attachment":[{"href":"https:\/\/www.europesays.com\/si\/wp-json\/wp\/v2\/media?parent=200066"}],"wp:term":[{"taxonomy":"category","embeddable":true,"href":"https:\/\/www.europesays.com\/si\/wp-json\/wp\/v2\/categories?post=200066"},{"taxonomy":"post_tag","embeddable":true,"href":"https:\/\/www.europesays.com\/si\/wp-json\/wp\/v2\/tags?post=200066"}],"curies":[{"name":"wp","href":"https:\/\/api.w.org\/{rel}","templated":true}]}}