{"id":200808,"date":"2026-08-23T08:20:15","date_gmt":"2026-08-23T08:20:15","guid":{"rendered":"https:\/\/www.europesays.com\/si\/200808\/"},"modified":"2026-08-23T08:20:15","modified_gmt":"2026-08-23T08:20:15","slug":"anamarija-lampic-bo-postala-mamica","status":"publish","type":"post","link":"https:\/\/www.europesays.com\/si\/200808\/","title":{"rendered":"Anamarija Lampi\u010d bo postala mamica"},"content":{"rendered":"<p>Anamarija Lampi\u010d, nekdanja teka\u010dica na smu\u010deh, zdaj pa biatlonka, je sporo\u010dila, da bo prihajajo\u010da sezona zanjo druga\u010dna. Postala bo namre\u010d mamica. S fantom Bo\u0161tjanom Klav\u017earjem sta novica obelodanila s prikupno fotografijo na dru\u017eabnih omre\u017eji.<\/p>\n<p>V nedeljo zjutraj je Anamarija Lampi\u010d presenetila s \u010dudovito\u00a0novico, da bo prvi\u010d postala mamica. &#8220;Dobro jutro, svet. Letos bo sezona nekoliko druga\u010dna in pika,&#8221; je zapisala na Instagramu in objavila fotografijo s svojim partnerjem Bo\u0161tjanom Klav\u017earjem ter nose\u010dni\u0161kim trebu\u0161\u010dkom. Tako pri 31 letih prekinja \u0161portno kariero, ki ji je do zdaj najve\u010d veselja prinesla v teku na smu\u010deh, njen prehod med biatlonke pa je bil nekoliko ve\u010dji izziv.<\/p>\n","protected":false},"excerpt":{"rendered":"Anamarija Lampi\u010d, nekdanja teka\u010dica na smu\u010deh, zdaj pa biatlonka, je sporo\u010dila, da bo prihajajo\u010da sezona zanjo druga\u010dna. Postala&hellip;\n","protected":false},"author":2,"featured_media":200809,"comment_status":"","ping_status":"","sticky":false,"template":"","format":"standard","meta":{"footnotes":"","_share_on_mastodon":"0"},"categories":[20],"tags":[4583,562,49668,32,35,31,34,36,37,38,33],"class_list":["post-200808","post","type-post","status-publish","format-standard","has-post-thumbnail","category-novice","tag-anamarija-lampic","tag-biatlon","tag-bostjan-klavzar","tag-headlines","tag-najpomembnejse-novice","tag-news","tag-novice","tag-osrednje-novice","tag-slovene","tag-slovenscina","tag-top-stories"],"share_on_mastodon":{"url":"https:\/\/pubeurope.com\/@si\/117143851709248075","error":""},"_links":{"self":[{"href":"https:\/\/www.europesays.com\/si\/wp-json\/wp\/v2\/posts\/200808","targetHints":{"allow":["GET"]}}],"collection":[{"href":"https:\/\/www.europesays.com\/si\/wp-json\/wp\/v2\/posts"}],"about":[{"href":"https:\/\/www.europesays.com\/si\/wp-json\/wp\/v2\/types\/post"}],"author":[{"embeddable":true,"href":"https:\/\/www.europesays.com\/si\/wp-json\/wp\/v2\/users\/2"}],"replies":[{"embeddable":true,"href":"https:\/\/www.europesays.com\/si\/wp-json\/wp\/v2\/comments?post=200808"}],"version-history":[{"count":0,"href":"https:\/\/www.europesays.com\/si\/wp-json\/wp\/v2\/posts\/200808\/revisions"}],"wp:featuredmedia":[{"embeddable":true,"href":"https:\/\/www.europesays.com\/si\/wp-json\/wp\/v2\/media\/200809"}],"wp:attachment":[{"href":"https:\/\/www.europesays.com\/si\/wp-json\/wp\/v2\/media?parent=200808"}],"wp:term":[{"taxonomy":"category","embeddable":true,"href":"https:\/\/www.europesays.com\/si\/wp-json\/wp\/v2\/categories?post=200808"},{"taxonomy":"post_tag","embeddable":true,"href":"https:\/\/www.europesays.com\/si\/wp-json\/wp\/v2\/tags?post=200808"}],"curies":[{"name":"wp","href":"https:\/\/api.w.org\/{rel}","templated":true}]}}