{"id":201340,"date":"2026-08-23T20:12:32","date_gmt":"2026-08-23T20:12:32","guid":{"rendered":"https:\/\/www.europesays.com\/si\/201340\/"},"modified":"2026-08-23T20:12:32","modified_gmt":"2026-08-23T20:12:32","slug":"smithsonian-zeli-z-ustanovitvijo-latinskoameriskega-muzeja-v-ze-obstojeci-stavbi-prehiteti-trumpa","status":"publish","type":"post","link":"https:\/\/www.europesays.com\/si\/201340\/","title":{"rendered":"Smithsonian \u017eeli z ustanovitvijo latinskoameri\u0161kega muzeja v \u017ee obstoje\u010di stavbi prehiteti Trumpa"},"content":{"rendered":"<p>\t\t\t\t\t\t\t\t<a href=\"https:\/\/www.europesays.com\/si\/wp-content\/uploads\/2026\/08\/67078598.jpg\" itemprop=\"contentUrl\" data-size=\"1200x800\" data-large=\"https:\/\/www.europesays.com\/si\/wp-content\/uploads\/2026\/08\/67078598.jpg\"><br \/>\n\t\t\t\t\t\t\t\t\t<img decoding=\"async\" src=\"https:\/\/www.europesays.com\/si\/wp-content\/uploads\/2026\/08\/67078598.jpg\" title=\"Stavbo v sredi\u0161\u010du Washingtona, znano kot Arts and Industries Building, so odprli leta 1881. Foto: Wikipedia Commons\" alt=\"Stavbo v sredi\u0161\u010du Washingtona, znano kot Arts and Industries Building, so odprli leta 1881. Foto: Wikipedia Commons\"\/><br \/>\n\t\t\t\t\t\t\t\t<\/a><\/p>\n<p>\t\t\t\t\t\t\t\t\tStavbo v sredi\u0161\u010du Washingtona, znano kot Arts and Industries Building, so odprli leta 1881. Foto: Wikipedia Commons<\/p>\n<p>\t\t\t\t\t\t\t<a id=\"preferredSourceBanner\" href=\"https:\/\/www.rtvslo.si\/kultura\/dediscina\/smithsonian-zeli-z-ustanovitvijo-latinskoameriskega-muzeja-v-ze-obstojeci-stavbi-prehiteti-trumpa\/javascript:void(0)\" target=\"_blank\" class=\"d-none align-items-center justify-content-between rounded my-3\" style=\"padding: 10px 15px;\" rel=\"nofollow noopener\"><br \/>\n\t\t\t\t\t\t<img decoding=\"async\" src=\"https:\/\/img.rtvslo.si\/_static\/novi\/img\/ico-google.svg\" class=\"flex-shrink-0 mr-3\" aria-hidden=\"true\"\/><br \/>\n\t\t\t\t\t\tSpremljajte RTVSLO.si kot prednostni vir na Google<\/p>\n<p>\t\t\t\t\t<\/a><\/p>\n<p>Odprtje muzeja v \u017ee obstoje\u010di stavbi bi torej zaob\u0161lo potrebo po odobritvi kongresa in prepre\u010dilo politi\u010dni boj z administracijo predsednika Donalda Trumpa, poro\u010da The New York Times. <\/p>\n<p>Oglas<\/p>\n<p>Zgodovina znamenite stavbe v sredi\u0161\u010du prestolnice ZDA<br \/>Stavbo, znano kot Arts and Industries Building, ki stoji v znamenitem odprtem parku National Mall v sredi\u0161\u010du Washingtona, sta  zasnovala arhitekta Adolf Cluss in Paul Schulze. Odprli so jo leta 1881, \u0161e istega leta je gostila predsedni\u0161ki ples ob inavguraciji Jamesa A. Garfielda. Nekaj mesecev pozneje so jo odprli za javnost kot prvi nacionalni muzej v ZDA.<\/p>\n<p>Stavba je bila leta 1971 razgla\u0161ena za narodno zgodovinsko znamenitost, a je v desetletjih propadala in tako so jo leta 2004 zaprli za javnost. Dve leti pozneje se je zna\u0161la na letnem seznamu najbolj ogro\u017eenih zgodovinskih krajev v ZDA, ki ga izdaja organizacija National Trust for Historic Preservation.<\/p>\n<p>Obnovitvena dela na stavbi dve desetletji potekajo s prekinitvami, predvsem zaradi te\u017eav s financiranjem. Stavbo za javnost odprejo le ob\u010dasno za posebne razstave in dogodke. Trenutno je odprta, a jo bodo 7. septembra znova zaprli zaradi dodatnih obnovitvenih del. Datum dokon\u010danja zdaj\u0161njega projekta obnove \u0161e ni bil objavljen, pi\u0161e The Art Newspaper.<\/p>\n<p>\t\t\t\t\t\t\t\t<a href=\"https:\/\/www.europesays.com\/si\/wp-content\/uploads\/2026\/08\/67078599.jpg\" itemprop=\"contentUrl\" data-size=\"1200x800\" data-large=\"https:\/\/www.europesays.com\/si\/wp-content\/uploads\/2026\/08\/67078599.jpg\"><br \/>\n\t\t\t\t\t\t\t\t\t<img decoding=\"async\" src=\"https:\/\/www.europesays.com\/si\/wp-content\/uploads\/2026\/08\/67078599.jpg\" title=\"Obnovitvena dela v letu 2012. Foto: Wikipedia Commons\" alt=\"Obnovitvena dela v letu 2012. Foto: Wikipedia Commons\"\/><br \/>\n\t\t\t\t\t\t\t\t<\/a><\/p>\n<p>\t\t\t\t\t\t\t\t\tObnovitvena dela v letu 2012. Foto: Wikipedia Commons<\/p>\n<p>Zapleti okoli muzeja Latinskoameri\u010danov in muzeja Ameri\u010dank<br \/>Stavba se je pred \u0161tirimi leti zna\u0161la v o\u017ejem izboru morebitnih lokacij tako za Nacionalni muzej latinskoameri\u0161ke kulture kot tudi za Muzej zgodovine Ameri\u010dank Ustanove Smithsonian. Oba projekta je pred tem odobril kongres, Trump pa podpisal leta 2020 med svojim prvim mandatom. Na\u010drti so se medtem spremenili v korist gradnje novih, namensko zasnovanih stavb za oba prihajajo\u010da muzeja.<\/p>\n<p>\t\t\t\t\t\t\t\t\t<a href=\"https:\/\/www.rtvslo.si\/n\/787367\" class=\"image-link image-heading image-container container-16-9\" data-large=\"https:\/\/img.rtvcdn.si\/_up\/upload\/2026\/07\/06\/67059096.jpg\" rel=\"nofollow noopener\" target=\"_blank\"><br \/>\n\t\t\t\t\t\t\t\t\t\t<img decoding=\"async\" src=\"https:\/\/www.europesays.com\/si\/wp-content\/uploads\/2026\/08\/67059096_thumb.jpg\" class=\"image-preview\"\/><br \/>\n\t\t\t\t\t\t\t\t\t<\/a><\/p>\n<p>\t\t\t\t\t\t\t\t\t\tSorodna novica<br \/>\n\t\t\t\t\t\t\t\t\t\t<a href=\"https:\/\/www.rtvslo.si\/n\/787367\" rel=\"nofollow noopener\" target=\"_blank\">Poro\u010dilo Bele hi\u0161e: Ustanovo Smithsonian vodijo radikalni aktivisti, ki jim ni mogo\u010de zaupati<\/a><\/p>\n<p>A je muzej zgodovine Ameri\u010dank maja letos naletel na veliko oviro, ko je bil v predstavni\u0161kem domu ameri\u0161kega kongresa zavrnjen predlog zakona, ki bi dokon\u010dno dolo\u010dil njegovo prihodnjo lokacijo na obmo\u010dju National Malla. Z dopolnili k zakonu, ki so bila vklju\u010dena v zadnjem trenutku, so namre\u010d posku\u0161ali iz programov muzeja izklju\u010diti transspolne \u017eenske in ustvariti pravno luknjo, ki bi predsedniku Trumpu omogo\u010dila, da po lastni \u017eelji spremeni lokacijo.<\/p>\n<p>Tudi latinskoameri\u0161ki muzej je bil v zadnjem \u010dasu tar\u010da politi\u010dnih bitk. Leta 2023 je razstava z naslovom \u00a1Presente! A Latino History of the United States (Prisotni! Zgodovina Latinskoameri\u010danov v Zdru\u017eenih dr\u017eavah) povzro\u010dila buren odziv med republikanci. Avtorjem razstave so namre\u010d o\u010ditali, da je preve\u010d prostora namenjenega evropskemu kolonializmu in voja\u0161kim posredovanjem ZDA v Latinski Ameriki, premalo pa obsodbi levi\u010darskih avtoritarnih voditeljev, kot je Fidel Castro.<\/p>\n<p>Ravno v \u010dasu drame okoli muzeja zgodovine \u017eensk je Trump kongresu predlo\u017eil prora\u010dunsko zahtevo, s katero je ukinil financiranje latinskoameri\u0161kega muzeja v korist potujo\u010dega Centra za latinskoameri\u0161ko kulturo Smithsonian (Smithsonian Latino Center), ki bi pripravljal programe znotraj \u017ee obstoje\u010de mre\u017ee muzejev Ustanove Smithsonian.<\/p>\n<p>\t\t\t\t\t\t\t\t<a href=\"https:\/\/www.europesays.com\/si\/wp-content\/uploads\/2026\/08\/67078597.jpg\" itemprop=\"contentUrl\" data-size=\"1200x800\" data-large=\"https:\/\/www.europesays.com\/si\/wp-content\/uploads\/2026\/08\/67078597.jpg\"><br \/>\n\t\t\t\t\t\t\t\t\t<img decoding=\"async\" src=\"https:\/\/www.europesays.com\/si\/wp-content\/uploads\/2026\/08\/67078597.jpg\" title=\"Pogled na gradnjo v letu 1879. Foto: Wikipedia Commons\" alt=\"Pogled na gradnjo v letu 1879. Foto: Wikipedia Commons\"\/><br \/>\n\t\t\t\t\t\t\t\t<\/a><\/p>\n<p>\t\t\t\t\t\t\t\t\tPogled na gradnjo v letu 1879. Foto: Wikipedia Commons<\/p>\n<p> Smithsonian si je v laseh z Donaldom Trumpom<br \/>Kot \u0161e pi\u0161e The Art Newspaper, glede na ta nedavni razvoj dogodkov ni presenetljivo, da si vodstvo Ustanove Smithsonian morda prizadeva za lastno izjemo v kongresni zakonodaji, ki je strate\u0161ko tempirana tik pred iztekom mandatov ve\u010d svojih regentov. Pri\u010dakovano pa republikanci nad tak\u0161nim razvojem dogodkov niso navdu\u0161eni. Odbor regentov je sicer sestavljen iz 17 \u010dlanov, med katerimi so najvi\u0161ji predstavniki ameri\u0161ke oblasti in civilne dru\u017ebe.<\/p>\n<p>&#8220;Ustanova Smithsonian posku\u0161a izrabiti zakonsko luknjo, da bi vtihotapila stavbo za \u0161e nezgrajen kontroverzni muzej, ki ostaja brez strehe nad glavo. To je dejanje obupa muzejskega kompleksa, ki se spoprijema z obto\u017ebami o pristranskosti,&#8221; je bilo mogo\u010de pred dnevi prebrati v \u010dasopisu Washington Examiner v kolumni Mika Gonzaleza, ki je prvi razkril aktualno dogajanje okoli tega muzeja. <\/p>\n<p>Oglas<\/p>\n","protected":false},"excerpt":{"rendered":"Stavbo v sredi\u0161\u010du Washingtona, znano kot Arts and Industries Building, so odprli leta 1881. Foto: Wikipedia Commons Spremljajte&hellip;\n","protected":false},"author":2,"featured_media":201341,"comment_status":"","ping_status":"","sticky":false,"template":"","format":"standard","meta":{"footnotes":"","_share_on_mastodon":"0"},"categories":[8],"tags":[409,3184,49792,37,38,64,40200,63],"class_list":["post-201340","post","type-post","status-publish","format-standard","has-post-thumbnail","category-svet","tag-donald-trump","tag-kongres","tag-nacionalni-muzej-latinoamericanov","tag-slovene","tag-slovenscina","tag-svet","tag-ustanova-smithsonian","tag-world"],"share_on_mastodon":{"url":"https:\/\/pubeurope.com\/@si\/117146651718600828","error":""},"_links":{"self":[{"href":"https:\/\/www.europesays.com\/si\/wp-json\/wp\/v2\/posts\/201340","targetHints":{"allow":["GET"]}}],"collection":[{"href":"https:\/\/www.europesays.com\/si\/wp-json\/wp\/v2\/posts"}],"about":[{"href":"https:\/\/www.europesays.com\/si\/wp-json\/wp\/v2\/types\/post"}],"author":[{"embeddable":true,"href":"https:\/\/www.europesays.com\/si\/wp-json\/wp\/v2\/users\/2"}],"replies":[{"embeddable":true,"href":"https:\/\/www.europesays.com\/si\/wp-json\/wp\/v2\/comments?post=201340"}],"version-history":[{"count":0,"href":"https:\/\/www.europesays.com\/si\/wp-json\/wp\/v2\/posts\/201340\/revisions"}],"wp:featuredmedia":[{"embeddable":true,"href":"https:\/\/www.europesays.com\/si\/wp-json\/wp\/v2\/media\/201341"}],"wp:attachment":[{"href":"https:\/\/www.europesays.com\/si\/wp-json\/wp\/v2\/media?parent=201340"}],"wp:term":[{"taxonomy":"category","embeddable":true,"href":"https:\/\/www.europesays.com\/si\/wp-json\/wp\/v2\/categories?post=201340"},{"taxonomy":"post_tag","embeddable":true,"href":"https:\/\/www.europesays.com\/si\/wp-json\/wp\/v2\/tags?post=201340"}],"curies":[{"name":"wp","href":"https:\/\/api.w.org\/{rel}","templated":true}]}}