{"id":201466,"date":"2026-08-23T23:41:16","date_gmt":"2026-08-23T23:41:16","guid":{"rendered":"https:\/\/www.europesays.com\/si\/201466\/"},"modified":"2026-08-23T23:41:16","modified_gmt":"2026-08-23T23:41:16","slug":"hrvati-prepovedali-se-sergeja-trifunovica","status":"publish","type":"post","link":"https:\/\/www.europesays.com\/si\/201466\/","title":{"rendered":"Hrvati prepovedali \u0161e Sergeja Trifunovi\u0107a"},"content":{"rendered":"<p>    <img decoding=\"async\" data-lb-desktop=\"\/media\/2026\/08\/18\/855704\/Orig-PXL_180924_120774113-1200.webp\" data-lb-mobile=\"\/media\/2026\/08\/18\/855704\/Orig-PXL_180924_120774113-600.webp\" class=\"main-gallery-image se_image_lb\" src=\"https:\/\/www.europesays.com\/si\/wp-content\/uploads\/2026\/08\/Wide-PXL_180924_120774113-1000.webp\" alt=\"18.09.2024., Split - Sergej Trifunovic dolazi na rociste na Prekrsajni sud. Photo: Zvonimir Barisin\/PIXSELL\"\/><\/p>\n<p>Sergej Trifunovi\u0107 je pred dvema letoma takole pri\u0161el na sodi\u0161\u010de v Splitu. Foto: Zvonimir Barisin\/PIXSELL<\/p>\n<p>Hrvati prepovedali \u0161e Sergeja Trifunovi\u0107a<\/p>\n<p>Hrvatom Srbi, ki kritizirajo njihovo dr\u017eavo, niso pogodu, kar dokazuje tudi zadnje obdobje z odpovedjo dogodkov, povezanih z njimi. Nedavno so tako v Vodicah odpovedali koncert turbofolk pevke Jelene Karleu\u0161e, zdaj pa \u0161e gostovanje predstave Ljudi odozgo (Ljudje od zgoraj) v Osijeku, v kateri igra Sergej Trifunovi\u0107.<\/p>\n<p>\n                        22. 08. 2026, 00.00\n                    <\/p>\n<p>Tina Bernik<\/p>\n<p>Odpoved se je zgodila dan po tem, ko je neki M. M. pozval veteranske organizacije in dr\u017eavljane, naj Trifunovi\u0107u odre\u010dejo gostoljubje. Pri tem naj spomnimo, da je hrva\u0161ka policija Trifunovi\u0107u pred tremi leti za leto dni prepovedala vstop na obmo\u010dje Evropske unije, potem ko ga je v Splitu v dveh dnevih ve\u010dkrat obravnavala zaradi razli\u010dnih prekr\u0161kov, Trifunovi\u0107 pa je po vrnitvi v Srbijo na instagramu nanizal vrsto \u017ealitev na ra\u010dun hrva\u0161kih policistov. Da ne bi maral Hrvatov, pa nikakor ni res, saj je poro\u010den s Hrvatico.<\/p>\n<p>Na odpoved se je na instagramu odzval re\u017eiser predstave Patrik Lazi\u0107, ki je med drugim zapisal, da si o \u00bbSergejevih prej\u0161njih izjavah lahko mislimo marsikaj, toda odrekati gostoljubje vsakomur, ki na kakr\u0161en koli na\u010din postavlja pod vpra\u0161aj ali kriti\u010dno obravnava kak\u0161en del hrva\u0161ke identitete, je primitivna in otro\u010dja reakcija\u00ab in \u00bbne odra\u017ea zrelosti in odlo\u010dnosti, temve\u010d strah pred soo\u010denjem s tistimi, ki o nas ne mislijo nujno tako kot mi\u00ab.<\/p>\n<p>Lazi\u0107 je nato spomnil na odpoved koncerta Jelene Karleu\u0161e v Vodicah in zapisal, da bi prisr\u010dno sprejel tako njo kot Trifunovi\u0107a. \u00bbPokazal bi jima vse lepote Vodic in Osijeka, ju peljal na najbolj\u0161e morske in re\u010dne ribe, nato pa ju denimo povabil k Aci Stankovi\u0107u v oddajo Nedjeljom u dva, da bi se argumentirano pogovorili o &#8216;nare\u010dju srbskega jezika&#8217;, &#8216;\u010drnih uniformah&#8217; in sorodnih temah. Takrat bi bili zmagovalci, tako pa se zmagovalci bojijo Karleu\u0161e, Sergeja in Bajage,\u00ab je sklenil. \u2002<\/p>\n","protected":false},"excerpt":{"rendered":"Sergej Trifunovi\u0107 je pred dvema letoma takole pri\u0161el na sodi\u0161\u010de v Splitu. Foto: Zvonimir Barisin\/PIXSELL Hrvati prepovedali \u0161e&hellip;\n","protected":false},"author":2,"featured_media":201467,"comment_status":"","ping_status":"","sticky":false,"template":"","format":"standard","meta":{"footnotes":"","_share_on_mastodon":"0"},"categories":[8],"tags":[49810,9249,49809,37,38,64,63],"class_list":["post-201466","post","type-post","status-publish","format-standard","has-post-thumbnail","category-svet","tag-jelen-karleusa","tag-odpoved-koncerta","tag-sergej-trfunivic","tag-slovene","tag-slovenscina","tag-svet","tag-world"],"share_on_mastodon":{"url":"https:\/\/pubeurope.com\/@si\/117147473448140449","error":""},"_links":{"self":[{"href":"https:\/\/www.europesays.com\/si\/wp-json\/wp\/v2\/posts\/201466","targetHints":{"allow":["GET"]}}],"collection":[{"href":"https:\/\/www.europesays.com\/si\/wp-json\/wp\/v2\/posts"}],"about":[{"href":"https:\/\/www.europesays.com\/si\/wp-json\/wp\/v2\/types\/post"}],"author":[{"embeddable":true,"href":"https:\/\/www.europesays.com\/si\/wp-json\/wp\/v2\/users\/2"}],"replies":[{"embeddable":true,"href":"https:\/\/www.europesays.com\/si\/wp-json\/wp\/v2\/comments?post=201466"}],"version-history":[{"count":0,"href":"https:\/\/www.europesays.com\/si\/wp-json\/wp\/v2\/posts\/201466\/revisions"}],"wp:featuredmedia":[{"embeddable":true,"href":"https:\/\/www.europesays.com\/si\/wp-json\/wp\/v2\/media\/201467"}],"wp:attachment":[{"href":"https:\/\/www.europesays.com\/si\/wp-json\/wp\/v2\/media?parent=201466"}],"wp:term":[{"taxonomy":"category","embeddable":true,"href":"https:\/\/www.europesays.com\/si\/wp-json\/wp\/v2\/categories?post=201466"},{"taxonomy":"post_tag","embeddable":true,"href":"https:\/\/www.europesays.com\/si\/wp-json\/wp\/v2\/tags?post=201466"}],"curies":[{"name":"wp","href":"https:\/\/api.w.org\/{rel}","templated":true}]}}