{"id":201869,"date":"2026-08-24T09:25:07","date_gmt":"2026-08-24T09:25:07","guid":{"rendered":"https:\/\/www.europesays.com\/si\/201869\/"},"modified":"2026-08-24T09:25:07","modified_gmt":"2026-08-24T09:25:07","slug":"izjemna-najdba-po-dveh-tisocletjih-sta-se-iz-kamna-pokazala-obraza","status":"publish","type":"post","link":"https:\/\/www.europesays.com\/si\/201869\/","title":{"rendered":"Izjemna najdba: po dveh tiso\u010dletjih sta se iz kamna pokazala obraza"},"content":{"rendered":"<p>Nagrobnik je neko\u010d stal ob glavni vpadnici v Emono, napis na njem pa bi lahko razkril, komu je pripadal in kak\u0161no vlogo je imel v mestu.<\/p>\n<p>Najprej sta iz zemlje pogledala leva. Zdaj sta se med \u010di\u0161\u010denjem rimskega nagrobnika\u00a0pokazala \u0161e portreta dveh ljudi. Morda mo\u017ea in \u017eene. Njuni imeni za zdaj ostajata skrivnost.<br \/>\nNa kri\u017ei\u0161\u010du Trga Osvobodilne fronte, Dunajske in Slovenske ceste v Ljubljani so arheologi med raziskavami, povezanimi s prenovo tamkaj\u0161nje infrastrukture, naleteli na redek rimski nagrobnik iz za\u010detnega obdobja Emone.<br \/>\nNad krajem, kjer je le\u017eal, danes \u00bbutripa\u00ab sodobno mesto. Avtobusi zavijajo proti postaji, avtomobili obstanejo pred semaforji, mimo hitijo pe\u0161ci, ki praviloma nimajo razloga, da bi pomislili, kaj je bilo tu pred njimi.<br \/>\nPred skoraj 2000 leti je tod vodila cesta. Le da ni vodila v Ljubljano, temve\u010d v rimsko Emono. Ob njej so bili pokopani mrtvi.<br \/>\nEden od umrlih je dobil nagrobnik, kakr\u0161nega na obmo\u010dju &#8230;<\/p>\n","protected":false},"excerpt":{"rendered":"Nagrobnik je neko\u010d stal ob glavni vpadnici v Emono, napis na njem pa bi lahko razkril, komu je&hellip;\n","protected":false},"author":2,"featured_media":201870,"comment_status":"","ping_status":"","sticky":false,"template":"","format":"standard","meta":{"footnotes":"","_share_on_mastodon":"0"},"categories":[21],"tags":[18308,3621,6216,15948,1252,49870,124,44770,6086,49867,49869,3624,49868,62,37,58,60,38,14123,26159,1130],"class_list":["post-201869","post","type-post","status-publish","format-standard","has-post-thumbnail","category-ljubljana","tag-arheologi","tag-arheologija","tag-emona","tag-izkopavanja","tag-kulturna-dediscina","tag-leva","tag-ljubljana","tag-matjaz-jenko","tag-mestni-muzej-ljubljana","tag-nagrobnik","tag-obraza","tag-odkritje","tag-rimsko-grobisce","tag-si","tag-slovene","tag-slovenia","tag-slovenija","tag-slovenscina","tag-spomeniki","tag-zavod-za-varstvo-kulturne-dediscine-slovenije","tag-zgodovina"],"share_on_mastodon":{"url":"https:\/\/pubeurope.com\/@si\/117149770039118349","error":""},"_links":{"self":[{"href":"https:\/\/www.europesays.com\/si\/wp-json\/wp\/v2\/posts\/201869","targetHints":{"allow":["GET"]}}],"collection":[{"href":"https:\/\/www.europesays.com\/si\/wp-json\/wp\/v2\/posts"}],"about":[{"href":"https:\/\/www.europesays.com\/si\/wp-json\/wp\/v2\/types\/post"}],"author":[{"embeddable":true,"href":"https:\/\/www.europesays.com\/si\/wp-json\/wp\/v2\/users\/2"}],"replies":[{"embeddable":true,"href":"https:\/\/www.europesays.com\/si\/wp-json\/wp\/v2\/comments?post=201869"}],"version-history":[{"count":0,"href":"https:\/\/www.europesays.com\/si\/wp-json\/wp\/v2\/posts\/201869\/revisions"}],"wp:featuredmedia":[{"embeddable":true,"href":"https:\/\/www.europesays.com\/si\/wp-json\/wp\/v2\/media\/201870"}],"wp:attachment":[{"href":"https:\/\/www.europesays.com\/si\/wp-json\/wp\/v2\/media?parent=201869"}],"wp:term":[{"taxonomy":"category","embeddable":true,"href":"https:\/\/www.europesays.com\/si\/wp-json\/wp\/v2\/categories?post=201869"},{"taxonomy":"post_tag","embeddable":true,"href":"https:\/\/www.europesays.com\/si\/wp-json\/wp\/v2\/tags?post=201869"}],"curies":[{"name":"wp","href":"https:\/\/api.w.org\/{rel}","templated":true}]}}