{"id":202242,"date":"2026-08-24T14:42:11","date_gmt":"2026-08-24T14:42:11","guid":{"rendered":"https:\/\/www.europesays.com\/si\/202242\/"},"modified":"2026-08-24T14:42:11","modified_gmt":"2026-08-24T14:42:11","slug":"zdravje-norveskega-kralja-se-naprej-sepa","status":"publish","type":"post","link":"https:\/\/www.europesays.com\/si\/202242\/","title":{"rendered":"Zdravje norve\u0161kega kralja \u0161e naprej \u0161epa"},"content":{"rendered":"<p>\t\t\t\t\t\t\t\t<a href=\"https:\/\/www.europesays.com\/si\/wp-content\/uploads\/2026\/08\/67079208.jpg\" itemprop=\"contentUrl\" data-size=\"1200x800\" data-large=\"https:\/\/www.europesays.com\/si\/wp-content\/uploads\/2026\/08\/67079208.jpg\"><br \/>\n\t\t\t\t\t\t\t\t\t<img decoding=\"async\" src=\"https:\/\/www.europesays.com\/si\/wp-content\/uploads\/2026\/08\/67079208.jpg\" title=\"Med govorom aprila 2025. Foto: AP\" alt=\"Med govorom aprila 2025. Foto: AP\"\/><br \/>\n\t\t\t\t\t\t\t\t<\/a><\/p>\n<p>\t\t\t\t\t\t\t\t\tMed govorom aprila 2025. Foto: AP<\/p>\n<p>\t\t\t\t\t\t\t<a id=\"preferredSourceBanner\" href=\"https:\/\/www.rtvslo.si\/zabava-in-slog\/znani\/zdravje-norveskega-kralja-se-naprej-sepa\/javascript:void(0)\" target=\"_blank\" class=\"d-none align-items-center justify-content-between rounded my-3\" style=\"padding: 10px 15px;\" rel=\"nofollow noopener\"><br \/>\n\t\t\t\t\t\t<img decoding=\"async\" src=\"https:\/\/img.rtvslo.si\/_static\/novi\/img\/ico-google.svg\" class=\"flex-shrink-0 mr-3\" aria-hidden=\"true\"\/><br \/>\n\t\t\t\t\t\tSpremljajte RTVSLO.si kot prednostni vir na Google<\/p>\n<p>\t\t\t\t\t<\/a><\/p>\n<p>Prej\u0161nji teden je bil norve\u0161ki kralj Harald v bolni\u0161nici v Oslu sprejet zaradi zadr\u017eevanja teko\u010dine, kar naj bi bila posledica zdravljenja s kortizonom. Zdravniki so mu predpisali dva tedna bolni\u0161kega dopusta. Iz previdnosti je moral med drugim odpovedati tudi obisk regije Trondelag v osrednji Norve\u0161ki, ki ga je na\u010drtoval za 1. in 2. septembra.<\/p>\n<p>Oglas<\/p>\n<p>Norve\u0161ki dvor je sicer sporo\u010dil, da se je zdravje 89-letnika pretekli konec tedna poslab\u0161alo; trpel naj bi zaradi hemoliti\u010dne anemije. Ta povzro\u010da prezgodnje uni\u010denje rde\u010dih krvni\u010dk, posledi\u010dno pa tudi utrujenost, \u0161ibkost, te\u017eko dihanje in bledico ko\u017ee.<\/p>\n<p>&#8220;Kralj prejema antibiotike zaradi bakterijske oku\u017ebe v krvi in \u200b\u200bse je na to zdravljenje odzval,&#8221; je v izjavi dodala pala\u010da in obenem zagotovila, da je zdravstveno stanje najstarej\u0161ega vladajo\u010dega monarha v Evropi trenutno stabilno.<\/p>\n<p>V nedeljo je norve\u0161kega vladarja v bolni\u0161nici obiskalo ve\u010d sorodnikov. Med njimi sta bila tudi njegova \u017eena kraljica Sonja ter njun sin in prestolonaslednik Haakon, ki je med Haraldovo odsotnostjo njegov namestnik in tako za\u010dasno opravlja o\u010detove naloge. Pozdravit sta ga pri\u0161li tudi njegova sestra in Haakonova \u017eena Mette-Marit, poro\u010da Euronews.<\/p>\n<p>\t\t\t\t\t\t\t\t\t<a href=\"https:\/\/www.rtvslo.si\/n\/774577\" class=\"image-link image-heading image-container container-16-9\" data-large=\"https:\/\/img.rtvcdn.si\/_up\/upload\/2026\/02\/25\/67022020.jpg\" rel=\"nofollow noopener\" target=\"_blank\"><br \/>\n\t\t\t\t\t\t\t\t\t\t<img decoding=\"async\" src=\"https:\/\/www.europesays.com\/si\/wp-content\/uploads\/2026\/08\/67022020_thumb.jpg\" class=\"image-preview\"\/><br \/>\n\t\t\t\t\t\t\t\t\t<\/a><\/p>\n<p>\t\t\t\t\t\t\t\t\t\tSorodna novica<br \/>\n\t\t\t\t\t\t\t\t\t\t<a href=\"https:\/\/www.rtvslo.si\/n\/774577\" rel=\"nofollow noopener\" target=\"_blank\">Norve\u0161ki kralj med dopustom pristal v bolni\u0161nici<\/a><\/p>\n<p>V zadnjih letih je imel kralj, ki je na prestol sedel leta 1991, \u0161tevilne zdravstvene te\u017eave, zaradi katerih je moral trajno zmanj\u0161ati \u0161tevilo uradnih dejavnosti. Pred okoli dvema letoma je bil med zasebnim potovanjem s kraljico Sonjo v Maleziji hospitaliziran zaradi oku\u017ebe in dehidracije. Kmalu zatem so mu &#8220;zaradi \u0161ibkega sr\u010dnega utripa&#8221; vstavili sr\u010dni spodbujevalnik. Iz podobnih razlogov kot v Maleziji je letos v bolni\u0161nici pristal med po\u010ditnikovanjem na otoku Tenerife.<\/p>\n<p>Kljub \u0161ibkemu zdravju \u0161e vedno zavra\u010da mo\u017enost abdikacije, \u010de\u0161 da je njegova dol\u017enost, da Norve\u0161ki slu\u017ei vse do smrti.<\/p>\n<p>Harald sicer ni edini \u010dlan norve\u0161ke kraljeve dru\u017eine, ki je bil letos v bolni\u0161nici. Princesa Mette Maritt, ki so ji leta 2018 diagnosticirali plju\u010dno fibrozo, je junija uspe\u0161no prestala presaditev plju\u010d.<\/p>\n<p>Nekaj sence so na njen ugled in s tem ugled kraljeve dru\u017eine pred \u010dasom vrgle princesine povezave z obsojenim spolnim prestopnikom Jeffreyjem Epsteinom ter sojenje (in obsodba) njenemu prvorojencu Mariusu Borgu H\u00f8ibyju zaradi posilstev in partnerskega nasilja.<\/p>\n<p>Oglas<\/p>\n","protected":false},"excerpt":{"rendered":"Med govorom aprila 2025. Foto: AP Spremljajte RTVSLO.si kot prednostni vir na Google Prej\u0161nji teden je bil norve\u0161ki&hellip;\n","protected":false},"author":2,"featured_media":202243,"comment_status":"","ping_status":"","sticky":false,"template":"","format":"standard","meta":{"footnotes":"","_share_on_mastodon":"0"},"categories":[8],"tags":[49936,2598,1104,37,38,64,63,20734],"class_list":["post-202242","post","type-post","status-publish","format-standard","has-post-thumbnail","category-svet","tag-kralj-harald","tag-kraljeva-druzina","tag-norveska","tag-slovene","tag-slovenscina","tag-svet","tag-world","tag-zdravstveno-stanje"],"share_on_mastodon":{"url":"https:\/\/pubeurope.com\/@si\/117151016756029148","error":""},"_links":{"self":[{"href":"https:\/\/www.europesays.com\/si\/wp-json\/wp\/v2\/posts\/202242","targetHints":{"allow":["GET"]}}],"collection":[{"href":"https:\/\/www.europesays.com\/si\/wp-json\/wp\/v2\/posts"}],"about":[{"href":"https:\/\/www.europesays.com\/si\/wp-json\/wp\/v2\/types\/post"}],"author":[{"embeddable":true,"href":"https:\/\/www.europesays.com\/si\/wp-json\/wp\/v2\/users\/2"}],"replies":[{"embeddable":true,"href":"https:\/\/www.europesays.com\/si\/wp-json\/wp\/v2\/comments?post=202242"}],"version-history":[{"count":0,"href":"https:\/\/www.europesays.com\/si\/wp-json\/wp\/v2\/posts\/202242\/revisions"}],"wp:featuredmedia":[{"embeddable":true,"href":"https:\/\/www.europesays.com\/si\/wp-json\/wp\/v2\/media\/202243"}],"wp:attachment":[{"href":"https:\/\/www.europesays.com\/si\/wp-json\/wp\/v2\/media?parent=202242"}],"wp:term":[{"taxonomy":"category","embeddable":true,"href":"https:\/\/www.europesays.com\/si\/wp-json\/wp\/v2\/categories?post=202242"},{"taxonomy":"post_tag","embeddable":true,"href":"https:\/\/www.europesays.com\/si\/wp-json\/wp\/v2\/tags?post=202242"}],"curies":[{"name":"wp","href":"https:\/\/api.w.org\/{rel}","templated":true}]}}