{"id":202528,"date":"2026-08-24T19:17:11","date_gmt":"2026-08-24T19:17:11","guid":{"rendered":"https:\/\/www.europesays.com\/si\/202528\/"},"modified":"2026-08-24T19:17:11","modified_gmt":"2026-08-24T19:17:11","slug":"slovenke-pred-novim-izzivom-dvobojem-s-peto-reprezentanco-sveta","status":"publish","type":"post","link":"https:\/\/www.europesays.com\/si\/202528\/","title":{"rendered":"Slovenke pred novim izzivom, dvobojem s peto reprezentanco sveta"},"content":{"rendered":"<p>\t\t\t\t\t\t\t\t<a href=\"https:\/\/www.europesays.com\/si\/wp-content\/uploads\/2026\/08\/67079855.jpg\" itemprop=\"contentUrl\" data-size=\"1200x800\" data-large=\"https:\/\/www.europesays.com\/si\/wp-content\/uploads\/2026\/08\/67079855.jpg\"><br \/>\n\t\t\t\t\t\t\t\t\t<img decoding=\"async\" src=\"https:\/\/www.europesays.com\/si\/wp-content\/uploads\/2026\/08\/67079855.jpg\" title=\"V slovenski reprezentanci upravi\u010deno vlada odli\u010dno vzdu\u0161je in prepri\u010danje, da lahko pripravi \u0161e kak\u0161no presene\u010denje. Foto: CEV\" alt=\"V slovenski reprezentanci upravi\u010deno vlada odli\u010dno vzdu\u0161je in prepri\u010danje, da lahko pripravi \u0161e kak\u0161no presene\u010denje. Foto: CEV\"\/><br \/>\n\t\t\t\t\t\t\t\t<\/a><\/p>\n<p>\t\t\t\t\t\t\t\t\tV slovenski reprezentanci upravi\u010deno vlada odli\u010dno vzdu\u0161je in prepri\u010danje, da lahko pripravi \u0161e kak\u0161no presene\u010denje. Foto: CEV<\/p>\n<p>\t\t\t\t\t\t\t<a id=\"preferredSourceBanner\" href=\"https:\/\/www.rtvslo.si\/sport\/odbojka\/evropsko-prvenstvo-v-odbojki\/slovenke-pred-novim-izzivom-dvobojem-s-peto-reprezentanco-sveta\/javascript:void(0)\" target=\"_blank\" class=\"d-none align-items-center justify-content-between rounded my-3\" style=\"padding: 10px 15px;\" rel=\"nofollow noopener\"><br \/>\n\t\t\t\t\t\t<img decoding=\"async\" src=\"https:\/\/img.rtvslo.si\/_static\/novi\/img\/ico-google.svg\" class=\"flex-shrink-0 mr-3\" aria-hidden=\"true\"\/><br \/>\n\t\t\t\t\t\tSpremljajte RTVSLO.si kot prednostni vir na Google<\/p>\n<p>\t\t\t\t\t<\/a><\/p>\n<p>Slovenija je na EP-ju za zdaj pustila dober vtis. Najprej je premagala Nem\u010dijo, nato pa gostiteljicam Turkinjam od\u0161\u010dipnila niz. Prost dan so reprezentantke najprej izkoristile za regeneracijo. Dopoldne so opravile trening z ute\u017emi, popoldne pa sta sledili priprava na naslednjo tekmo, videoanaliza in trening z \u017eogo. V torek bo Sloveniji nasproti stala reprezentanca Poljske, ki je na tem evropskem prvenstvu \u0161e nepora\u017eena, uvodoma je premagala Mad\u017earsko, danes pa je slavila \u0161e nad Latvijo s 3:1.<\/p>\n<p>Oglas<\/p>\n<p>\t\t\t\t\t\t\t\t\t<a href=\"https:\/\/www.rtvslo.si\/n\/791642\" class=\"image-link image-heading image-container container-16-9\" data-large=\"https:\/\/img.rtvcdn.si\/_up\/upload\/2026\/08\/23\/67078793.jpg\" rel=\"nofollow noopener\" target=\"_blank\"><br \/>\n\t\t\t\t\t\t\t\t\t\t<img decoding=\"async\" src=\"https:\/\/www.europesays.com\/si\/wp-content\/uploads\/2026\/08\/67078793_thumb.jpg\" class=\"image-preview\"\/><br \/>\n\t\t\t\t\t\t\t\t\t<\/a><\/p>\n<p>\t\t\t\t\t\t\t\t\t\tSorodna novica<br \/>\n\t\t\t\t\t\t\t\t\t\t<a href=\"https:\/\/www.rtvslo.si\/n\/791642\" rel=\"nofollow noopener\" target=\"_blank\">Slovenke v razgreti dvorani Sinan Erdem branilkam naslova odvzele niz<\/a><\/p>\n<p>Slovenke so se s Poljakinjami, ki so pete na svetovni lestvici, sre\u010dale na vseh treh evropskih prvenstvih, vselej pa so bile prepri\u010dljivej\u0161e Poljakinje. Nazadnje sta se reprezentanci sre\u010dali v sklopu kvalifikacij za olimpijske igre v Parizu 2024, ko je bilo spet 3:0 za Poljsko.<\/p>\n<p>Sprejemalka Eva Pavlovi\u010d Mori meni, da bi bilo tokrat lahko druga\u010de: &#8220;Dobro smo si odpo\u010dile, naredile dober trening, opravile videoanalizo. Mislim, da imamo z dobro igro mo\u017enosti za zmago, tako da upam, da se bomo dr\u017eale tega, kar bo rekel trener. Zagotovo bodo Poljakinje pritiskale z napadom, zato jih moramo oddaljiti od mre\u017ee z na\u0161im dobrim servisom. Tako lahko prepre\u010dimo njihovo hitro igro in prav na to karto bomo jutri igrale.&#8221;<\/p>\n<p>\t\t\t\t\t\t\t\t<a href=\"https:\/\/www.europesays.com\/si\/wp-content\/uploads\/2026\/08\/67064835.jpg\" itemprop=\"contentUrl\" data-size=\"1200x800\" data-large=\"https:\/\/www.europesays.com\/si\/wp-content\/uploads\/2026\/08\/67064835.jpg\"><br \/>\n\t\t\t\t\t\t\t\t\t<img decoding=\"async\" src=\"https:\/\/www.europesays.com\/si\/wp-content\/uploads\/2026\/08\/67064835.jpg\" title=\"Selektor Orefice opozarja, da bo treba sprejemati bolje kot na tekmi s Tur\u010dijo. Foto: Odbojkarska zveza Slovenije\" alt=\"Selektor Orefice opozarja, da bo treba sprejemati bolje kot na tekmi s Tur\u010dijo. Foto: Odbojkarska zveza Slovenije\"\/><br \/>\n\t\t\t\t\t\t\t\t<\/a><\/p>\n<p>\t\t\t\t\t\t\t\t\tSelektor Orefice opozarja, da bo treba sprejemati bolje kot na tekmi s Tur\u010dijo. Foto: Odbojkarska zveza Slovenije<\/p>\n<p>Selektor Alessandro Orefice je dejal: &#8220;Poljska ima fizi\u010dno ekipo s posameznicami, ki igrajo res na visokem nivoju in imajo ogromno izku\u0161enj. \u0160e naprej moramo dobro servirati, zagotovo pa bo to \u0161e ena tekma, na kateri bomo morali veliko tvegati. Verjamem, da se tudi Poljska zaveda na\u0161ih kvalitet, zato bodo tudi oni morali tvegati. Treba bo sprejemati nekoliko bolje kot na tekmi s Tur\u010dijo, na prvi tekmi z Nem\u010dijo pa smo se zelo dobro odrezali. Pri\u010dakujem, da se bo ekipa borila za vsako \u017eogo, glavno pa bo seveda, da bomo kvalitetno napadali.&#8221;<\/p>\n<p>Da dobri predstavi z uvodnih obra\u010dunov dajeta ekipi dodatno samozavest in motivacijo, je potrdila tudi mlada sprejemalka \u017dana Godec: &#8220;Vzdu\u0161je v ekipi je super, prav tako dobro treniramo. Mislim, da smo pripravljene. Pri\u010dakujemo zahtevno tekmo, ampak verjamem, da lahko poka\u017eemo super igro. Na\u0161e prednosti so zagotovo blok-obramba in tudi sprejem. Imamo dober servis, s katerim jih lahko oddaljimo od mre\u017ee. K dobri predstavi pa lahko zagotovo pripomore tudi dober ekipni duh.&#8221;<\/p>\n<p>Slovenke se bodo s Poljakinjami pomerile jutri ob 18. uri v dvorani Sinan Erdem, v nadaljevanju pa jih \u010dakata \u0161e obra\u010duna z Latvijkami in Mad\u017earkami. Prenos tekme bo na TV Slovenija 2.<\/p>\n<p>\t\t\t\tOdbojkarice z veliko mero samozavesti nad mo\u010dne Poljakinje<\/p>\n<p>EP V ODBOJKI (\u017d), predtekmovalna skupina A, Carigrad <br \/>POLJSKA &#8211; LATVIJA 3:1 (19, -23, 22, 24) <br \/>TUR\u010cIJA &#8211; MAD\u017dARSKA 3:0 (24, 21, 14)<\/p>\n<p>Torek ob 15.00: <br \/>MAD\u017dARSKA &#8211; NEM\u010cIJA<\/p>\n<p>Ob 18.00: <br \/>POLJSKA &#8211; SLOVENIJA<\/p>\n<p>Lestvica:<br \/>\nTUR\u010cIJA                3  3 0  9:1  6<br \/>\nPOLJSKA                2  2 0  6:1  6<br \/>\nSLOVENIJA              2  1 1  4:3  3<br \/>\nNEM\u010cIJA                2  1 1  3:4  3<br \/>\n&#8212;&#8212;&#8212;&#8212;&#8212;&#8212;&#8212;&#8212;&#8212;&#8212;&#8212;&#8212;-<br \/>\nLATVIJA                3  0 3  2:9  0<br \/>\nMAD\u017dARSKA              2  0 2  0:6  0<\/p>\n<p>Oglas<\/p>\n","protected":false},"excerpt":{"rendered":"V slovenski reprezentanci upravi\u010deno vlada odli\u010dno vzdu\u0161je in prepri\u010danje, da lahko pripravi \u0161e kak\u0161no presene\u010denje. Foto: CEV Spremljajte&hellip;\n","protected":false},"author":2,"featured_media":202529,"comment_status":"","ping_status":"","sticky":false,"template":"","format":"standard","meta":{"footnotes":"","_share_on_mastodon":"0"},"categories":[20],"tags":[7142,32,35,31,34,146,36,37,60,38,33],"class_list":["post-202528","post","type-post","status-publish","format-standard","has-post-thumbnail","category-novice","tag-evropsko-prvenstvo","tag-headlines","tag-najpomembnejse-novice","tag-news","tag-novice","tag-odbojka","tag-osrednje-novice","tag-slovene","tag-slovenija","tag-slovenscina","tag-top-stories"],"share_on_mastodon":{"url":"https:\/\/pubeurope.com\/@si\/117152097948529195","error":""},"_links":{"self":[{"href":"https:\/\/www.europesays.com\/si\/wp-json\/wp\/v2\/posts\/202528","targetHints":{"allow":["GET"]}}],"collection":[{"href":"https:\/\/www.europesays.com\/si\/wp-json\/wp\/v2\/posts"}],"about":[{"href":"https:\/\/www.europesays.com\/si\/wp-json\/wp\/v2\/types\/post"}],"author":[{"embeddable":true,"href":"https:\/\/www.europesays.com\/si\/wp-json\/wp\/v2\/users\/2"}],"replies":[{"embeddable":true,"href":"https:\/\/www.europesays.com\/si\/wp-json\/wp\/v2\/comments?post=202528"}],"version-history":[{"count":0,"href":"https:\/\/www.europesays.com\/si\/wp-json\/wp\/v2\/posts\/202528\/revisions"}],"wp:featuredmedia":[{"embeddable":true,"href":"https:\/\/www.europesays.com\/si\/wp-json\/wp\/v2\/media\/202529"}],"wp:attachment":[{"href":"https:\/\/www.europesays.com\/si\/wp-json\/wp\/v2\/media?parent=202528"}],"wp:term":[{"taxonomy":"category","embeddable":true,"href":"https:\/\/www.europesays.com\/si\/wp-json\/wp\/v2\/categories?post=202528"},{"taxonomy":"post_tag","embeddable":true,"href":"https:\/\/www.europesays.com\/si\/wp-json\/wp\/v2\/tags?post=202528"}],"curies":[{"name":"wp","href":"https:\/\/api.w.org\/{rel}","templated":true}]}}