{"id":202708,"date":"2026-08-24T23:34:13","date_gmt":"2026-08-24T23:34:13","guid":{"rendered":"https:\/\/www.europesays.com\/si\/202708\/"},"modified":"2026-08-24T23:34:13","modified_gmt":"2026-08-24T23:34:13","slug":"druzina-spakirala-kovcke-in-se-preselila-v-trope-zivijo-v-vili-za-ceno-ljubljanske-garsonjere","status":"publish","type":"post","link":"https:\/\/www.europesays.com\/si\/202708\/","title":{"rendered":"Dru\u017eina spakirala kov\u010dke in se preselila v trope: \u017eivijo v vili za ceno ljubljanske garsonjere"},"content":{"rendered":"<p>    <img decoding=\"async\" data-lb-desktop=\"\/media\/2026\/08\/24\/857096\/Orig-tajska65465-1200.webp\" data-lb-mobile=\"\/media\/2026\/08\/24\/857096\/Orig-tajska65465-600.webp\" class=\"main-gallery-image se_image_lb\" src=\"https:\/\/www.europesays.com\/si\/wp-content\/uploads\/2026\/08\/Wide-tajska65465-1000.webp\" alt=\"Tajska dru\u017eina\"\/><\/p>\n<p>Dru\u017eina iz Anglije se je preselila na Tajsko, kjer za 815 evrov na mesec \u017eivijo v vili z bazenom. Foto:\u00a0instagram\/@pawsandpassports<\/p>\n<p>Dru\u017eina spakirala kov\u010dke in se preselila v trope: \u017eivijo v vili za ceno ljubljanske garsonjere<\/p>\n<p>Dru\u017eina iz Anglije se je odlo\u010dila za drzen korak: prodali so hi\u0161o, otroke izpisali iz \u0161ole in kupili enosmerne letalske vozovnice za Tajsko. Tri mesece kasneje zatrjujejo, da je to najbolj\u0161a odlo\u010ditev, kar so jih kdaj sprejeli.<\/p>\n<p>Star\u0161a treh otrok iz Anglije sta se letos spomladi odlo\u010dila, da \u017eelita \u017eiveti druga\u010de. Hiter tempo \u017eivljenja in sivino angle\u0161kega vremena sta zamenjala za tajsko le\u017eernost in sonce.\u00a0<\/p>\n<p>Jasmine in Ross Scarr zatrjujeta, da je bila to najbolj\u0161a odlo\u010ditev v njunem \u017eivljenju. \u201cProdali smo vse, kar smo imeli, in se na pot odpravili z zgolj petimi kov\u010dki,\u201d je za Kennedy News and Media povedala 34-letna Jasmine.\u00a0<\/p>\n<p>    <a class=\"se-card__wrap se-card--link\" href=\"https:\/\/www.dnevnik.si\/novice\/svet\/tajska-uvaja-spremembe-ki-se-ticejo-tudi-slovenskih-turistov-2804052\/\" data-upscore-url=\"\" rel=\"nofollow noopener\" target=\"_blank\"><\/p>\n<p>        <img decoding=\"async\" class=\"se-image se-image--card\" src=\"https:\/\/www.europesays.com\/si\/wp-content\/uploads\/2026\/08\/Wide-20191118_114344-400.webp\" alt=\"pla\u017ea, Tajska, morje\"\/><\/p>\n<p>turizem<\/p>\n<p>Tajska uvaja spremembe, pomembne tudi za slovenske turiste<\/p>\n<p>    <\/a><\/p>\n<p>Prodala sta dobrih 400.000 evrov vredno hi\u0161o, za katero sta pred tem mislila, da bo vselej njihov dom. Starej\u0161a sinova, stara 7 in 5 let, sta izpisala iz \u0161ole, na Tajskem pa ju nameravata pou\u010devati sama.\u00a0<\/p>\n<p>Prav \u017eelja po tem, da bi pre\u017eiveli ve\u010d \u010dasa skupaj kot dru\u017eina, je bila mo\u010dna motivacija za odlo\u010ditev za selitev. Kot pravita star\u0161a, sta njuni slu\u017ebi, vklju\u010dno s \u010dasom, ki jima ga je jemal prevoz, terjali previsok davek.\u00a0<\/p>\n<p>Njihovi dnevi so zdaj videti povsem druga\u010de. \u201cTo, da imamo vsak dan \u010das za dru\u017eenje, je res najbolj\u0161e. Ker smo \u0161est ur pred Anglijo, lahko svoje delo opravim, ko so otroci \u017ee v postelji, zato imamo ves dan za raziskovanje,\u201d je navdu\u0161ena Jasmine.\u00a0<\/p>\n<p>Vila za 815 evrov\u00a0\u2013 vklju\u010dno s teko\u010dimi stro\u0161ki<\/p>\n<p>Navdu\u0161eni so tudi nad trgom nepremi\u010dnin. Dru\u017eina najema vilo s \u0161tirimi spalnicami, zasebnim bazenom, vrtom in verando, za katero vklju\u010dno s stro\u0161ki pla\u010dujejo 815 evrov na mesec.\u00a0<\/p>\n<p>    <a class=\"se-card__wrap se-card--link\" href=\"https:\/\/www.dnevnik.si\/nedeljski\/prosti-cas\/magazin\/video-mnozicni-turizem-povsem-iznakazil-najlepsi-zaliv-na-svetu-2803727\/\" data-upscore-url=\"\" rel=\"nofollow noopener\" target=\"_blank\"><\/p>\n<p>        <img decoding=\"async\" class=\"se-image se-image--card\" src=\"https:\/\/www.europesays.com\/si\/wp-content\/uploads\/2026\/08\/Wide-iStock-2251490281-1-400.webp\" alt=\"Beautiful woman in white bikini lounges on the sand at Maya Bay, Thailand, enjoying the sun and stunning tropical views. Great for vacation ads, beachwear promos, and lifestyle campaigns.\"\/><\/p>\n<p>turizem<\/p>\n<p>(VIDEO) Mno\u017ei\u010dni turizem povsem iznakazil najlep\u0161i zaliv na svetu<\/p>\n<p>    <\/a><\/p>\n<p>Star\u0161a, ki imata dvome o angle\u0161kem \u0161olskem sistemu, verjameta, da lahko svojim otrokom nudita bolj\u0161o izobrazbo. \u201cMislim, da se je v\u010dasih mogo\u010de veliko ve\u010d nau\u010diti z raziskovanjem sveta,\u201d meni Jasmine.\u00a0<\/p>\n<p>Kot pravi, se ji Tajska tudi zdi varnej\u0161a od Velike Britanije, podobnega stali\u0161\u010da pa da so tudi mnogi drugi Britanci, ki jih sre\u010duje na Tajskem. Dru\u017einam, ki prav tako razmi\u0161ljajo o selitvi,\u00a0polaga na srce, naj se opogumijo in sprejmejo odlo\u010ditev. \u201cNavsezadnje imamo eno samo \u017eivljenje,\u201d\u00a0sklene.<\/p>\n","protected":false},"excerpt":{"rendered":"Dru\u017eina iz Anglije se je preselila na Tajsko, kjer za 815 evrov na mesec \u017eivijo v vili z&hellip;\n","protected":false},"author":2,"featured_media":202709,"comment_status":"","ping_status":"","sticky":false,"template":"","format":"standard","meta":{"footnotes":"","_share_on_mastodon":"0"},"categories":[8],"tags":[14542,50030,37,38,64,2315,50031,3998,63],"class_list":["post-202708","post","type-post","status-publish","format-standard","has-post-thumbnail","category-svet","tag-delo-na-daljavo","tag-selitev-v-tujino","tag-slovene","tag-slovenscina","tag-svet","tag-tajska","tag-tropi","tag-velika-britanija","tag-world"],"share_on_mastodon":{"url":"https:\/\/pubeurope.com\/@si\/117153108325021330","error":""},"_links":{"self":[{"href":"https:\/\/www.europesays.com\/si\/wp-json\/wp\/v2\/posts\/202708","targetHints":{"allow":["GET"]}}],"collection":[{"href":"https:\/\/www.europesays.com\/si\/wp-json\/wp\/v2\/posts"}],"about":[{"href":"https:\/\/www.europesays.com\/si\/wp-json\/wp\/v2\/types\/post"}],"author":[{"embeddable":true,"href":"https:\/\/www.europesays.com\/si\/wp-json\/wp\/v2\/users\/2"}],"replies":[{"embeddable":true,"href":"https:\/\/www.europesays.com\/si\/wp-json\/wp\/v2\/comments?post=202708"}],"version-history":[{"count":0,"href":"https:\/\/www.europesays.com\/si\/wp-json\/wp\/v2\/posts\/202708\/revisions"}],"wp:featuredmedia":[{"embeddable":true,"href":"https:\/\/www.europesays.com\/si\/wp-json\/wp\/v2\/media\/202709"}],"wp:attachment":[{"href":"https:\/\/www.europesays.com\/si\/wp-json\/wp\/v2\/media?parent=202708"}],"wp:term":[{"taxonomy":"category","embeddable":true,"href":"https:\/\/www.europesays.com\/si\/wp-json\/wp\/v2\/categories?post=202708"},{"taxonomy":"post_tag","embeddable":true,"href":"https:\/\/www.europesays.com\/si\/wp-json\/wp\/v2\/tags?post=202708"}],"curies":[{"name":"wp","href":"https:\/\/api.w.org\/{rel}","templated":true}]}}