{"id":203415,"date":"2026-08-25T13:37:11","date_gmt":"2026-08-25T13:37:11","guid":{"rendered":"https:\/\/www.europesays.com\/si\/203415\/"},"modified":"2026-08-25T13:37:11","modified_gmt":"2026-08-25T13:37:11","slug":"tv-slo-2-mmc-ob-18-00-poljska-slovenija","status":"publish","type":"post","link":"https:\/\/www.europesays.com\/si\/203415\/","title":{"rendered":"TV SLO 2\/MMC ob 18.00: Poljska \u2013 Slovenija"},"content":{"rendered":"<p>\t\t\t\t\t\t\t\t<a href=\"https:\/\/www.europesays.com\/si\/wp-content\/uploads\/2026\/08\/1787665030_631_67069032.jpg\" itemprop=\"contentUrl\" data-size=\"1200x800\" data-large=\"https:\/\/www.europesays.com\/si\/wp-content\/uploads\/2026\/08\/1787665030_631_67069032.jpg\"><br \/>\n\t\t\t\t\t\t\t\t\t<img decoding=\"async\" src=\"https:\/\/www.europesays.com\/si\/wp-content\/uploads\/2026\/08\/1787665030_631_67069032.jpg\" title=\"Sa\u0161a Planin\u0161ec. Foto: www.alesfevzer.com\" alt=\"Sa\u0161a Planin\u0161ec. Foto: www.alesfevzer.com\"\/><br \/>\n\t\t\t\t\t\t\t\t<\/a><\/p>\n<p>\t\t\t\t\t\t\t\t\tSa\u0161a Planin\u0161ec. Foto: www.alesfevzer.com<\/p>\n<p>\t\t\t\t\t\t\t<a id=\"preferredSourceBanner\" href=\"https:\/\/www.rtvslo.si\/sport\/odbojka\/evropsko-prvenstvo-v-odbojki\/tv-slo-2-mmc-ob-18-00-poljska-slovenija\/javascript:void(0)\" target=\"_blank\" class=\"d-none align-items-center justify-content-between rounded my-3\" style=\"padding: 10px 15px;\" rel=\"nofollow noopener\"><br \/>\n\t\t\t\t\t\t<img decoding=\"async\" src=\"https:\/\/img.rtvslo.si\/_static\/novi\/img\/ico-google.svg\" class=\"flex-shrink-0 mr-3\" aria-hidden=\"true\"\/><br \/>\n\t\t\t\t\t\tSpremljajte RTVSLO.si kot prednostni vir na Google<\/p>\n<p>\t\t\t\t\t<\/a><\/p>\n<p>Slovenska \u017eenska odbojkarska reprezentanca je evropsko prvenstvo za\u010dela energi\u010dno in na uvodnih dveh tekmah prikazala zelo dobro igro. Nem\u010dijo je ugnala brez oddanega niza, konkurirala je tudi eni najbolj\u0161ih reprezentanc na svetu Tur\u010diji. Po dnevu premora jo danes ob 18. uri v okviru skupine A \u010dakajo naslednje kakovostne tekmice, Poljakinje.<\/p>\n<p>Oglas<\/p>\n<p>\u017dreb je slovenskim odbojkaricam na leto\u0161njem EP-ju namenil zelo zahtevno skupino, toda varovanke italijanskega stratega Alessandra Oreficeja so marsikoga presenetile, potem ko so uvodno tekmo proti favorizirani Nem\u010diji dobile s 3:0.<\/p>\n<p>Sledil je precej te\u017eji test proti branilkam naslova in tretji najbolj\u0161i reprezentanci sveta. Tur\u010diji so pred nabito polno doma\u010do dvorano v Carigradu dolgo \u010dasa konkurirale in tudi odvzele niz.<\/p>\n<p>Po zmagi in porazu v dobrih 24 urah so Slovenke v ponedeljek imele dan po\u010ditka, ki so ga lahko izkoristile za pripravo na naslednjo zahtevno tekmico Poljsko, preden bodo na zadnjih dveh tekmah igrale z na papirju precej bolj ugodnima Mad\u017earsko in Latvijo.<\/p>\n<p>Poljakinje, peta reprezentanca na svetovni lestvici, so EP odprle s pri\u010dakovanima zmagama prav nad Mad\u017earsko in Latvijo. Slovenija je po uvodnih dveh tekmah prvenstva 18. reprezentanca sveta.<\/p>\n<p>Slovenke in Poljakinje so se doslej \u0161tirikrat pomerile na uradnih tekmah, Slovenke pa doslej \u0161e niso osvojile niza. Zanimivo je, da so bile prav v vseh skupinskih delih evropskih prvenstev do zdaj Poljakinje nasprotnice Slovenk (2015, 2019 in 2023). Pred tremi leti so bile v zadnjem medsebojnem obra\u010dunu bolj\u0161e tudi v olimpijskih kvalifikacijah.<\/p>\n<p>EP v odbojki (\u017d), Carigrad<\/p>\n<p>3. krog, danes ob 15.00:<br \/>MAD\u017dARSKA \u2013 NEM\u010cIJA<\/p>\n<p>Ob 18.00:<br \/>POLJSKA \u2013 SLOVENIJA<\/p>\n<p>Oglas<\/p>\n","protected":false},"excerpt":{"rendered":"Sa\u0161a Planin\u0161ec. Foto: www.alesfevzer.com Spremljajte RTVSLO.si kot prednostni vir na Google Slovenska \u017eenska odbojkarska reprezentanca je evropsko prvenstvo&hellip;\n","protected":false},"author":2,"featured_media":203416,"comment_status":"","ping_status":"","sticky":false,"template":"","format":"standard","meta":{"footnotes":"","_share_on_mastodon":"0"},"categories":[16],"tags":[31390,48115,49465,146,62,37,58,60,38,94,93],"class_list":["post-203415","post","type-post","status-publish","format-standard","has-post-thumbnail","category-sport","tag-3-krog","tag-ep-v-odbojki","tag-ep-v-odbojki-2026","tag-odbojka","tag-si","tag-slovene","tag-slovenia","tag-slovenija","tag-slovenscina","tag-sport","tag-sports"],"share_on_mastodon":{"url":"https:\/\/pubeurope.com\/@si\/117156423118795578","error":""},"_links":{"self":[{"href":"https:\/\/www.europesays.com\/si\/wp-json\/wp\/v2\/posts\/203415","targetHints":{"allow":["GET"]}}],"collection":[{"href":"https:\/\/www.europesays.com\/si\/wp-json\/wp\/v2\/posts"}],"about":[{"href":"https:\/\/www.europesays.com\/si\/wp-json\/wp\/v2\/types\/post"}],"author":[{"embeddable":true,"href":"https:\/\/www.europesays.com\/si\/wp-json\/wp\/v2\/users\/2"}],"replies":[{"embeddable":true,"href":"https:\/\/www.europesays.com\/si\/wp-json\/wp\/v2\/comments?post=203415"}],"version-history":[{"count":0,"href":"https:\/\/www.europesays.com\/si\/wp-json\/wp\/v2\/posts\/203415\/revisions"}],"wp:featuredmedia":[{"embeddable":true,"href":"https:\/\/www.europesays.com\/si\/wp-json\/wp\/v2\/media\/203416"}],"wp:attachment":[{"href":"https:\/\/www.europesays.com\/si\/wp-json\/wp\/v2\/media?parent=203415"}],"wp:term":[{"taxonomy":"category","embeddable":true,"href":"https:\/\/www.europesays.com\/si\/wp-json\/wp\/v2\/categories?post=203415"},{"taxonomy":"post_tag","embeddable":true,"href":"https:\/\/www.europesays.com\/si\/wp-json\/wp\/v2\/tags?post=203415"}],"curies":[{"name":"wp","href":"https:\/\/api.w.org\/{rel}","templated":true}]}}